{"id":174,"date":"2024-11-17T02:24:31","date_gmt":"2024-11-17T02:24:31","guid":{"rendered":"https:\/\/entrecantones.com\/?p=174"},"modified":"2024-11-17T02:31:10","modified_gmt":"2024-11-17T02:31:10","slug":"un-oscar-un-legado","status":"publish","type":"post","link":"https:\/\/entrecantones.com\/index.php\/2024\/11\/17\/un-oscar-un-legado\/","title":{"rendered":"Un \u00d3scar, un legado"},"content":{"rendered":"\n<p>Por Jorge Esquivel Guevara:<\/p>\n\n\n\n<p>Legar es transmitir aquello que has construido a lo largo de tu existencia. Un legado de vida es entregar aquello que hemos encontrado, con el objetivo de que sea aprovechado por otras personas, el legado no es solo un aporte materia, sino es la herencia de valores fundamentales, creencias o experiencias.<\/p>\n\n\n\n<p>La anterior definici\u00f3n me permite iniciar una semblanza de un griego pr\u00f3ximo a cumplir 92 a\u00f1os y quien desde diferentes facetas ha dejado una huella indeleble para los griegos y dem\u00e1s pobladores de este pa\u00eds, del griego que les voy a hablar es el Doctor \u00d3scar Maroto Barquero, un griego de sepa hijo de Carlos Maroto Quir\u00f3s y Olga Barquero Aguiar, don \u00d3scar es casado con Nelly Villalobos y procrearon tres hijos.<\/p>\n\n\n\n<p>Don \u00d3scar labor\u00f3 por 26 a\u00f1os para la CCSS como Paleont\u00f3logo y tambi\u00e9n trabaj\u00f3 en su propia cl\u00ednica y era com\u00fan escuchar a griegos y no griegos decir \u00d3scar el dentista, deportista le gustaba el f\u00fatbol, atletismo, alzaba pesas.<\/p>\n\n\n\n<figure class=\"wp-block-image size-full\"><img loading=\"lazy\" decoding=\"async\" width=\"768\" height=\"1024\" src=\"https:\/\/entrecantones.com\/wp-content\/uploads\/2024\/11\/oscar-2.jpg\" alt=\"\" class=\"wp-image-176\" srcset=\"https:\/\/entrecantones.com\/wp-content\/uploads\/2024\/11\/oscar-2.jpg 768w, https:\/\/entrecantones.com\/wp-content\/uploads\/2024\/11\/oscar-2-225x300.jpg 225w\" sizes=\"auto, (max-width: 768px) 100vw, 768px\" \/><\/figure>\n\n\n\n<p>Don \u00d3scar me recibi\u00f3 en su casa el pasado 14 de noviembre y durante m\u00e1s de una hora conversamos sobre diferentes temas, siendo el principal el relativo a la Ley de creaci\u00f3n de la Reserva Forestal de Grecia situada en el macizo del Po\u00e1s, en su vertiente occidental u colindante con el Parque Nacional del mismo nombre, entre los r\u00edos Sarch\u00ed y Prendas, a partir de los 1600 mts de elevaci\u00f3n, con sus 2200 hect\u00e1reas de bosques naturales,, potreros , follajes, riachuelos y nacientes.<\/p>\n\n\n\n<p>La Reserva Forestal representa para Grecia la mayor provisi\u00f3n de recursos naturales, por su primordial importancia como fuente de origen de las aguas que abastecen los acueductos del cant\u00f3n y posteriormente a los hogares. Por su importancia ecol\u00f3gica y por su belleza paisaj\u00edstica, incluye el Bosque del Ni\u00f1o, debe conservarse como la mejor herencia y testimonio de protecci\u00f3n a la naturaleza que puedan heredar las generaciones.<\/p>\n\n\n\n<p>Seg\u00fan don \u00d3scar en la Reserva Forestal no debe permitirse el mal uso y desintegraci\u00f3n porque desde este cant\u00f3n surgi\u00f3 proyecto que dio origen a la creaci\u00f3n mediante una ley y por ello existe una obligaci\u00f3n de velar por la protecci\u00f3n de ella.<\/p>\n\n\n\n<p>Don \u00d3scar cuenta como naci\u00f3 la idea de creaci\u00f3n de la Reserva Forestal de Grecia<\/p>\n\n\n\n<p>Con la humildad que le caracteriza manifiesta don \u00d3scar que en el 1969 fue postulado como candidato para ocupar el cargo de regidor, elecciones que se realizar\u00edan al a\u00f1o siguiente, ya siendo regidor para el per\u00edodo 1970- 1974 se dio a la tarea de leer y estudiar la Ley Forestal de la \u00e9poca y fue entonces cuando concluy\u00f3 que los conceptos conservacionistas ten\u00edan aplicaci\u00f3n pr\u00e1ctica en la zona alta del cant\u00f3n de Grecia.<\/p>\n\n\n\n<p>En el a\u00f1o 2004 el Concejo Municipal de Grecia le otorg\u00f3 un reconocimiento por su gesti\u00f3n para la creaci\u00f3n de la Reserva Forestal de Grecia, la entrega la realiz\u00f3 la entonces regidora Licenciada Xinia Navarro.<\/p>\n\n\n\n<p>Se\u00f1ala don \u00d3scar que de seguido y con orden de trabajo definido, obtuvo del Concejo Municipal el permiso para remitir a la Direcci\u00f3n General Forestal una carta de intenciones bien fundamentada con todos los datos que se convertir\u00edan posteriormente en la Ley de la Reserva Forestal de Grecia, destac\u00f3 la buena acogida por parte de funcionarios del Gobierno Central y del Gobierno Local.<\/p>\n\n\n\n<p>Destac\u00f3 el apoyo del se\u00f1or Fausto Rodr\u00edguez quien era parte del Concejo Municipal en aquella \u00e9poca, manifiesta que fue en finca La Cornelia jurisdicci\u00f3n de San Luis Distrito Bol\u00edvar de Grecia onde empez\u00f3 a desarrollarse el proyecto que dar\u00eda origen a la Ley de creaci\u00f3n de la Reserva Forestal de Grecia que corresponde a la n\u00famero 5463 promulgada el 25 de enero de 1974.<\/p>\n\n\n\n<figure class=\"wp-block-image size-large\"><img loading=\"lazy\" decoding=\"async\" width=\"1024\" height=\"656\" src=\"https:\/\/entrecantones.com\/wp-content\/uploads\/2024\/11\/reserva-1024x656.jpg\" alt=\"\" class=\"wp-image-177\" srcset=\"https:\/\/entrecantones.com\/wp-content\/uploads\/2024\/11\/reserva-1024x656.jpg 1024w, https:\/\/entrecantones.com\/wp-content\/uploads\/2024\/11\/reserva-300x192.jpg 300w, https:\/\/entrecantones.com\/wp-content\/uploads\/2024\/11\/reserva-768x492.jpg 768w, https:\/\/entrecantones.com\/wp-content\/uploads\/2024\/11\/reserva-1536x984.jpg 1536w, https:\/\/entrecantones.com\/wp-content\/uploads\/2024\/11\/reserva-2048x1312.jpg 2048w\" sizes=\"auto, (max-width: 1024px) 100vw, 1024px\" \/><\/figure>\n\n\n\n<p>Recuerda don \u00d3scar que fue un trabajo arduo trabajo que incluy\u00f3 mediciones, tenencia de fincas hasta concluir con la elaboraci\u00f3n del plano, expresa que fueron muchos los problemas que debieron solventar, pero al final gracias a Dios y a todos los que intervinieron se logr\u00f3 crear por ley de la Rep\u00fablica la reserva forestal de Grecia.<\/p>\n\n\n\n<p>En el comedor de la casa de don \u00d3scar acompa\u00f1ados de do\u00f1a Nelly y su hija Yalile y mientras degust\u00e1bamos de un caf\u00e9 acompa\u00f1ado de un delicioso bizcocho y tamal de maicena en la tarde lluviosa de ese 14 de noviembre del 2024, nuestro entrevistado dice con orgullo que la Reserva Forestal de Grecia fue la primera que se cre\u00f3 con un impulso propio desde una municipalidad y es por ello que en el art\u00edculo 10 de la Ley se encarga a la municipalidad de Grecia a la protecci\u00f3n de los recursos existentes en dicha reserva.<\/p>\n\n\n\n<p>Me sirvo otro caf\u00e9 para continuar escuchando a un hombre que es una verdadera enciclopedia y la conversaci\u00f3n gira ahora en torno a otra faceta de su labor como regidor ante la Corporaci\u00f3n griega, expresa que aunque lleg\u00f3 por un partido pol\u00edtico, siempre pens\u00f3 en lo mejor para el cant\u00f3n y hasta representante ante el Gobierno de Jos\u00e9 Figueres Ferrer le correspondi\u00f3 ser.<\/p>\n\n\n\n<p>A\u00f1ade don \u00d3scar que antes de ser regidor se plante\u00f3 trabajar en proyectos importantes de beneficio para los habitantes; tales como el de la Reserva Forestal, apertura de nuevas v\u00edas en el casco urbano, mejoramiento del servicio el\u00e9ctrico, creaci\u00f3n del estadio municipal. Don \u00d3scar fue regidor en dos ocasiones.<\/p>\n","protected":false},"excerpt":{"rendered":"<p>Por Jorge Esquivel Guevara: Legar es transmitir aquello que has construido a lo largo de tu existencia. Un legado de vida es entregar aquello que hemos encontrado, con el objetivo de que sea aprovechado por otras personas, el legado no es solo un aporte materia, sino es la herencia de valores fundamentales, creencias o experiencias. [&hellip;]<\/p>\n","protected":false},"author":1,"featured_media":175,"comment_status":"open","ping_status":"open","sticky":false,"template":"","format":"standard","meta":{"footnotes":""},"categories":[7],"tags":[],"class_list":["post-174","post","type-post","status-publish","format-standard","has-post-thumbnail","hentry","category-comunales"],"_links":{"self":[{"href":"https:\/\/entrecantones.com\/index.php\/wp-json\/wp\/v2\/posts\/174","targetHints":{"allow":["GET"]}}],"collection":[{"href":"https:\/\/entrecantones.com\/index.php\/wp-json\/wp\/v2\/posts"}],"about":[{"href":"https:\/\/entrecantones.com\/index.php\/wp-json\/wp\/v2\/types\/post"}],"author":[{"embeddable":true,"href":"https:\/\/entrecantones.com\/index.php\/wp-json\/wp\/v2\/users\/1"}],"replies":[{"embeddable":true,"href":"https:\/\/entrecantones.com\/index.php\/wp-json\/wp\/v2\/comments?post=174"}],"version-history":[{"count":3,"href":"https:\/\/entrecantones.com\/index.php\/wp-json\/wp\/v2\/posts\/174\/revisions"}],"predecessor-version":[{"id":180,"href":"https:\/\/entrecantones.com\/index.php\/wp-json\/wp\/v2\/posts\/174\/revisions\/180"}],"wp:featuredmedia":[{"embeddable":true,"href":"https:\/\/entrecantones.com\/index.php\/wp-json\/wp\/v2\/media\/175"}],"wp:attachment":[{"href":"https:\/\/entrecantones.com\/index.php\/wp-json\/wp\/v2\/media?parent=174"}],"wp:term":[{"taxonomy":"category","embeddable":true,"href":"https:\/\/entrecantones.com\/index.php\/wp-json\/wp\/v2\/categories?post=174"},{"taxonomy":"post_tag","embeddable":true,"href":"https:\/\/entrecantones.com\/index.php\/wp-json\/wp\/v2\/tags?post=174"}],"curies":[{"name":"wp","href":"https:\/\/api.w.org\/{rel}","templated":true}]}}