{"id":187,"date":"2024-11-18T23:23:08","date_gmt":"2024-11-18T23:23:08","guid":{"rendered":"https:\/\/entrecantones.com\/?p=187"},"modified":"2024-11-18T23:23:08","modified_gmt":"2024-11-18T23:23:08","slug":"la-verdad-incomoda","status":"publish","type":"post","link":"https:\/\/entrecantones.com\/index.php\/2024\/11\/18\/la-verdad-incomoda\/","title":{"rendered":"La verdad inc\u00f3moda"},"content":{"rendered":"\n<p><strong>Por W\u00edlliam M\u00e9ndez Garita*<\/strong><\/p>\n\n\n\n<p>Pretendo llamar a la reflexi\u00f3n en estas cortas l\u00edneas sobre el uso pol\u00edtico de informaci\u00f3n an\u00f3nima que contiene datos espurios.<\/p>\n\n\n\n<p>Me refiero a los bulos que desprestigian a la educaci\u00f3n superior universitaria del pa\u00eds y, en particular, a los arteros ataques a la Universidad de Costa Rica.<\/p>\n\n\n\n<p>Lamentablemente, muchas buenas personas repitieron estas fantasiosas historias que circulan en redes sociales, pese a las advertencias de que eran datos incorrectos.<\/p>\n\n\n\n<p>Como corresponde a centros de pensamiento serios, algunas de esas c\u00ednicas acusaciones dan la oportunidad de revisar aquello que sea necesario.<\/p>\n\n\n\n<p>Si la intenci\u00f3n al decir tantos embustes era da\u00f1ar la confianza de la ciudadan\u00eda ciertamente no han logrado su objetivo.<\/p>\n\n\n\n<p>En el estudio sobre la valoraci\u00f3n de las instituciones p\u00fablicas del CIEP, la UCR es la mejor valorada del pa\u00eds, con un promedio superior a 8%.<\/p>\n\n\n\n<p>Con respecto a los an\u00f3nimos, uno de ellos dec\u00eda que la planilla de la UCR hab\u00eda aumentado en 25%. Ese dato no es cierto. La verdad inc\u00f3moda es que el crecimiento fue de solo 1,52%.<\/p>\n\n\n\n<p>Asociada a lo anterior patra\u00f1a se dijo que el costo de la planilla de la UCR hab\u00eda crecido en 25%. Ni la planilla ni el costo de la planilla ha crecido. La verdad inc\u00f3moda es que los recursos destinados a la planilla de la Universidad bajaron en 3,30%, con un ahorro de m\u00e1s de \u20a16.600 millones.<\/p>\n\n\n\n<p>Apareci\u00f3 un inc\u00f3gnito comentario m\u00e1s que sosten\u00eda que a la UCR ingresaron menos estudiantes, cosa que no es cierta. La verdad inc\u00f3moda es que la poblaci\u00f3n estudiantil pas\u00f3 de 41.645 a 44.380 estudiantes si se comparan los primeros ciclos de los a\u00f1os 2016 y 2024. En t\u00e9rminos de estudiantes de primer ingreso, en 2016 se admitieron 8.384 y en 2024 fueron 10.033.<\/p>\n\n\n\n<p>Otra patra\u00f1a repartida en las redes sociales es la que sugiere que en las universidades p\u00fablicas estudian solo los m\u00e1s ricos. La verdad inc\u00f3moda es que 60,3% &nbsp;de los estudiantes de las cinco universidades provienen de los grupos m\u00e1s vulnerables, eso quiere decir, personas que pertenecen a los tres quintiles de menores ingresos. Tampoco es cierto que el resto de los estudiantes sean ricos, sino que pertenecen a otros grupos de ingresos diferentes.<\/p>\n\n\n\n<p>Adem\u00e1s, las becas llegan casi al 53.6 % de la poblaci\u00f3n estudiantil en todas las sedes de pa\u00eds para el caso de la UCR.<\/p>\n\n\n\n<p>Surgi\u00f3 otra de esas falsedades sin autor conocido que dec\u00eda que en la Universidad no hacemos investigaci\u00f3n cient\u00edfica que le sirva al pa\u00eds. La verdad inc\u00f3moda es que la UCR cuenta con el CICLOTR\u00d3N que es el centro de tecnolog\u00eda y ciencia m\u00e1s importante de los \u00faltimos 50 a\u00f1os de Costa Rica, el cual se enfoca en la lucha contra el c\u00e1ncer.<\/p>\n\n\n\n<p>As\u00ed como el Ciclotr\u00f3n, tenemos decenas de ejemplos de aportes cient\u00edficos. Del 2015 al 2023 se han generado 5964 proyectos, programas y actividades de investigaci\u00f3n. De los 60 premios nacionales 2023 Dr. Clorito Picado 51 fueron para personas investigadoras de la UCR. \u00bfSe acuerdan del COVID y los respiradores? Es importante recordar el proyecto \u201crespira\u201d de la UCR que recibi\u00f3 el reconocimiento de la OCDE como una de las mejores iniciativas biom\u00e9dicas a nivel mundial y se construyeron diez respiradores durante la emergencia, cuya tecnolog\u00eda fue liberada.<\/p>\n\n\n\n<p>Una novela esparcida sin autor en las redes sociales dice que las carreras universitarias no tienen futuro. La verdad inc\u00f3moda es que los graduados de las universidades estatales, en general, tienen una empleabilidad de 93,5%.<\/p>\n\n\n\n<p>Un torcido comentario divulga que la UCR no grad\u00faa personas en carreras STEM, es decir, profesionales en ciencias, tecnolog\u00edas, ingenier\u00edas y matem\u00e1ticas. La verdad inc\u00f3moda es que en el a\u00f1o 2023 la UCR otorg\u00f3 6411 t\u00edtulos a nuevos profesionales y de ellos 2.733 fueron en carreras STEM.<\/p>\n\n\n\n<p>Un enga\u00f1o m\u00e1s reproducido en contra la Universidad de Costa Rica dice que le sobra plata y que tiene super\u00e1vit.&nbsp; No es cierto. La verdad inc\u00f3moda es que eso que llaman super\u00e1vit son recursos comprometidos para atender procesos de contrataci\u00f3n, previsiones y reservas laborales, cuentas por pagar o garant\u00edas de cumplimiento.<\/p>\n\n\n\n<p>Una desinformaci\u00f3n maligna dice que las universidades le quitan dinero a las escuelas y colegios. Es necesario aclarar que el presupuesto de la educaci\u00f3n del 2025 es el peor presupuesto enviado a la Asamblea Legislativa en los \u00faltimos 25 a\u00f1os y eso no es culpa de las universidades. En ese mismo presupuesto las y los diputados se vieron en la hist\u00f3rica tarea de aumentar los recursos para la educaci\u00f3n pues el Gobierno lo envi\u00f3 con cero crecimiento. Es necesario aclarar que el presupuesto del MEP es m\u00e1s de 4 veces el presupuesto de las universidades.<\/p>\n\n\n\n<p>Una de esas falsedades dec\u00eda que las universidades no dan cuentas del uso de los recursos. Esto no es cierto. Las universidades rinden cuentas a la Contralor\u00eda General de la Rep\u00fablica y los datos est\u00e1n disponibles en forma abierta y p\u00fablica. Puede consultarse la p\u00e1gina de transparencia de UCR, en el sitio de la Oficina de Planificaci\u00f3n de la UCR entre otros.<\/p>\n\n\n\n<p>Finalmente, se dice que no le devolvemos nada al pa\u00eds. Voy a poner un peque\u00f1o ejemplo para incomodar: en el a\u00f1o 2023 los estudiantes de UCR dieron m\u00e1s de 1 mill\u00f3n de horas de trabajo comunal universitario.<\/p>\n\n\n\n<p><strong>*Abogado, Periodista y Polit\u00f3logo.<\/strong><\/p>\n","protected":false},"excerpt":{"rendered":"<p>Por W\u00edlliam M\u00e9ndez Garita* Pretendo llamar a la reflexi\u00f3n en estas cortas l\u00edneas sobre el uso pol\u00edtico de informaci\u00f3n an\u00f3nima que contiene datos espurios. Me refiero a los bulos que desprestigian a la educaci\u00f3n superior universitaria del pa\u00eds y, en particular, a los arteros ataques a la Universidad de Costa Rica. Lamentablemente, muchas buenas personas [&hellip;]<\/p>\n","protected":false},"author":1,"featured_media":188,"comment_status":"open","ping_status":"open","sticky":false,"template":"","format":"standard","meta":{"footnotes":""},"categories":[3],"tags":[],"class_list":["post-187","post","type-post","status-publish","format-standard","has-post-thumbnail","hentry","category-opinion"],"_links":{"self":[{"href":"https:\/\/entrecantones.com\/index.php\/wp-json\/wp\/v2\/posts\/187","targetHints":{"allow":["GET"]}}],"collection":[{"href":"https:\/\/entrecantones.com\/index.php\/wp-json\/wp\/v2\/posts"}],"about":[{"href":"https:\/\/entrecantones.com\/index.php\/wp-json\/wp\/v2\/types\/post"}],"author":[{"embeddable":true,"href":"https:\/\/entrecantones.com\/index.php\/wp-json\/wp\/v2\/users\/1"}],"replies":[{"embeddable":true,"href":"https:\/\/entrecantones.com\/index.php\/wp-json\/wp\/v2\/comments?post=187"}],"version-history":[{"count":1,"href":"https:\/\/entrecantones.com\/index.php\/wp-json\/wp\/v2\/posts\/187\/revisions"}],"predecessor-version":[{"id":189,"href":"https:\/\/entrecantones.com\/index.php\/wp-json\/wp\/v2\/posts\/187\/revisions\/189"}],"wp:featuredmedia":[{"embeddable":true,"href":"https:\/\/entrecantones.com\/index.php\/wp-json\/wp\/v2\/media\/188"}],"wp:attachment":[{"href":"https:\/\/entrecantones.com\/index.php\/wp-json\/wp\/v2\/media?parent=187"}],"wp:term":[{"taxonomy":"category","embeddable":true,"href":"https:\/\/entrecantones.com\/index.php\/wp-json\/wp\/v2\/categories?post=187"},{"taxonomy":"post_tag","embeddable":true,"href":"https:\/\/entrecantones.com\/index.php\/wp-json\/wp\/v2\/tags?post=187"}],"curies":[{"name":"wp","href":"https:\/\/api.w.org\/{rel}","templated":true}]}}