{"id":2179,"date":"2025-10-31T18:48:36","date_gmt":"2025-10-31T18:48:36","guid":{"rendered":"https:\/\/entrecantones.com\/?p=2179"},"modified":"2025-10-31T18:48:36","modified_gmt":"2025-10-31T18:48:36","slug":"regresa-the-pacific-race-2025-una-travesia-epica-de-ciclismo-de-montana","status":"publish","type":"post","link":"https:\/\/entrecantones.com\/index.php\/2025\/10\/31\/regresa-the-pacific-race-2025-una-travesia-epica-de-ciclismo-de-montana\/","title":{"rendered":"Regresa The Pacific Race 2025: Una traves\u00eda \u00e9pica de ciclismo de monta\u00f1a"},"content":{"rendered":"\n<p>Guanacaste volver\u00e1 a vibrar con la energ\u00eda del ciclismo y la naturaleza, con la llegada de&nbsp;<strong>The Pacific Race 2026 <\/strong>una competencia de ciclismo de monta\u00f1a que trasciende el concepto tradicional de carrera para convertirse en una experiencia deportiva y humana.<\/p>\n\n\n\n<p>La segunda edici\u00f3n del evento, que se llevar\u00e1 a cabo el 1 y 2 de mayo del 2026 en Guanacaste, invita a ciclistas a ser parte de una traves\u00eda \u00fanica, que combina pasi\u00f3n, adrenalina y rutas dise\u00f1adas para desafiar y deleitar a los participantes, siendo una aventura totalmente inolvidable.<\/p>\n\n\n\n<figure class=\"wp-block-image size-large\"><img loading=\"lazy\" decoding=\"async\" width=\"1024\" height=\"683\" src=\"https:\/\/entrecantones.com\/wp-content\/uploads\/2025\/10\/foto-carrera-1024x683.jpg\" alt=\"\" class=\"wp-image-2180\" srcset=\"https:\/\/entrecantones.com\/wp-content\/uploads\/2025\/10\/foto-carrera-1024x683.jpg 1024w, https:\/\/entrecantones.com\/wp-content\/uploads\/2025\/10\/foto-carrera-300x200.jpg 300w, https:\/\/entrecantones.com\/wp-content\/uploads\/2025\/10\/foto-carrera-768x512.jpg 768w, https:\/\/entrecantones.com\/wp-content\/uploads\/2025\/10\/foto-carrera.jpg 1449w\" sizes=\"auto, (max-width: 1024px) 100vw, 1024px\" \/><figcaption class=\"wp-element-caption\">Los detalles del evento se presentaron en Santa Ana Country Club.<\/figcaption><\/figure>\n\n\n\n<p>\u201cEstamos muy felices de regresar con&nbsp;un evento que va m\u00e1s all\u00e1 de una simple competencia, es una&nbsp;vivencia integral, una&nbsp;experiencia transformadora&nbsp;para cada participante. Los resultados del primer a\u00f1o superaron nuestras expectativas, y eso nos motiva a\u00fan m\u00e1s a&nbsp;elevar el nivel&nbsp;en esta nueva edici\u00f3n, ofreciendo una organizaci\u00f3n de mayor calidad y manteniendo el&nbsp;sello de excelencia&nbsp;que siempre nos ha caracterizado\u201d, expres\u00f3&nbsp;<strong>Gregory Brenes, organizador de&nbsp;The Pacific Race.<\/strong><\/p>\n\n\n\n<p>El evento cuenta con variedad de distancias seg\u00fan preferencia del ciclista, la primera es una <strong>carrera multietapa<\/strong> de 2 d\u00edas con salida y llegada en Hacienda Pinilla, Guanacaste. \u201cLa Ruta del Fuego\u201d del d\u00eda 1 (1 de mayo) tiene una distancia del <strong>100 kms<\/strong>, su ruta iniciar\u00e1 hacia el sur camino a San Francisco de Santa Cruz, a trav\u00e9s de monta\u00f1as y r\u00edos por la hermosa Ruta del Sol, alcanzando el punto m\u00e1s alto de la competencia, pasando por La Florida y La Alemania hasta San Juanillo. A partir de ah\u00ed, se bordear\u00e1n playas como Lagarto y Pargos, hasta alcanzar Avellanas, para finalmente culminar la aventura.<\/p>\n\n\n\n<p><strong><u>Impacto social<\/u><\/strong><\/p>\n\n\n\n<p><strong>Hern\u00e1n Imhoff, Presidente de la C\u00e1mara de Comercio y Turismo de Tamarindo (CCTT),<\/strong> destac\u00f3 que eventos como The Pacific Race permiten posicionar a \u201cnuestra zona como un sitio que re\u00fane las condiciones ideales para la organizaci\u00f3n de eventos competitivos que benefician a las empresas de la regi\u00f3n\u201d.<\/p>\n\n\n\n<p>\u201cNosotros como organizaci\u00f3n estamos de lleno apoyando en lo que sea posible porque, entre otras razones, la experiencia del a\u00f1o pasado fue sumamente exitosa, atrayendo a centenas de visitantes que impactaron los emprendimientos locales\u201d, resalt\u00f3 Imhoff.<\/p>\n\n\n\n<p>\u201cLa Ruta de la Serpiente\u201d del d\u00eda 2 (2 de mayo) tendr\u00e1 una distancia de <strong>90kms<\/strong>, iniciando tambi\u00e9n en Hacienda Pinilla, el rumbo se dirige al norte, hacia Flamingo. Un desafiante camino de lastre atraviesa Bejuco y Tempate, llevando a los ciclistas hacia la impresionante vista de Flamingo. Desde Brasilito, se bordean playas espectaculares en direcci\u00f3n a Tamarindo. A trav\u00e9s de trillos ocultos y senderos que alguna vez recorrieron piratas, nos adentramos en el Parque Marino Las Baulas, para finalmente conquistar la meta en Hacienda Pinilla.<\/p>\n\n\n\n<p>Los que deseen hacer solamente los<strong> 90kms<\/strong> del 2 de mayo, pueden inscribirse \u00fanicamente en esa distancia, con la misma ruta ya comentada.<\/p>\n\n\n\n<p>Y una \u00faltima distancia ser\u00e1 la competencia de <strong>60kms<\/strong>, tambi\u00e9n desarrollada el s\u00e1bado. \u201cLa Ruta Coyote\u201d tiene un recorrido que inicia hacia el norte, llev\u00e1ndonos hasta Portegolpe, donde giramos a la izquierda en direcci\u00f3n a Huacas, disfrutando de caminos fluidos y 100% pedaleables hasta alcanzar Matapalo. Con m\u00e1s del 50% de la ruta completada, la br\u00fajula apunta ahora hacia el sur, rumbo a Tamarindo. Desde ah\u00ed, se toma un trillo secreto cerca del Parque Marino Las Baulas hasta llegar a la ansiada meta en Hacienda Pinilla.<\/p>\n\n\n\n<p>El costo de la carrera multietapa es de $299, para quienes solo corran los 90kms del s\u00e1bado $190 y para quien desee participar solamente en los 60kms, $140.<\/p>\n\n\n\n<p>Los participantes recibir\u00e1n un completo&nbsp;paquete de bienvenida&nbsp;que incluye jersey y camiseta oficial, gorra del evento, productos de patrocinadores, asistencia m\u00e9dica y mec\u00e1nica, puestos de asistencia, fotograf\u00edas, hidrataci\u00f3n, medalla, trofeo a los ganadores, productos de los patrocinadores.<\/p>\n\n\n\n<p>Las categor\u00edas abiertas para los participantes son: Open Femenino, Open Masculino, Master A, Master B, Master C, Master D, \u00c9lite y E-Bike todas en masculino y femenino, as\u00ed como la Gravel.<\/p>\n\n\n\n<p>\u201cAdem\u00e1s de la competencia, los asistentes disfrutar\u00e1n de un&nbsp;festival deportivo y familiar&nbsp;con m\u00fasica en vivo, actividades recreativas, photo booths, animaci\u00f3n, zona gastron\u00f3mica y la esperada&nbsp;Saturday Sunset Session by Promerica Mastercard\u201d, agreg\u00f3 Brenes.<\/p>\n\n\n\n<p>Las inscripciones est\u00e1n abiertas desde este 29 de octubre al 1 de diciembre exclusivamente para los clientes Prom\u00e9rica.<\/p>\n\n\n\n<p>Aquellos que cuenten con tarjeta Prom\u00e9rica tienen un 20% de descuento y quienes adquieran una tarjeta de la entidad bancaria por primera vez, tendr\u00e1n un bono de $100 m\u00e1s el 20% de descuento. A partir del 2 diciembre se podr\u00e1 hacer la inscripci\u00f3n con tarjeta de d\u00e9bito o cr\u00e9dito de cualquier otra entidad bancaria. Para inscripciones y mayor informaci\u00f3n usted puede ingresar a <a href=\"http:\/\/www.thepacificrace.com\">www.thepacificrace.com<\/a><\/p>\n\n\n\n<p>Banco Prom\u00e9rica, Dekra, Mastercard, Honda, Autostar, Su\u00e1rez, TDMax, Santa Ana Country Club, Hacienda Pinilla, People Working Corp y Wilier&nbsp;Triestina.<\/p>\n","protected":false},"excerpt":{"rendered":"<p>Guanacaste volver\u00e1 a vibrar con la energ\u00eda del ciclismo y la naturaleza, con la llegada de&nbsp;The Pacific Race 2026 una competencia de ciclismo de monta\u00f1a que trasciende el concepto tradicional de carrera para convertirse en una experiencia deportiva y humana. La segunda edici\u00f3n del evento, que se llevar\u00e1 a cabo el 1 y 2 de [&hellip;]<\/p>\n","protected":false},"author":1,"featured_media":2181,"comment_status":"open","ping_status":"open","sticky":false,"template":"","format":"standard","meta":{"footnotes":""},"categories":[6],"tags":[],"class_list":["post-2179","post","type-post","status-publish","format-standard","has-post-thumbnail","hentry","category-deportes"],"_links":{"self":[{"href":"https:\/\/entrecantones.com\/index.php\/wp-json\/wp\/v2\/posts\/2179","targetHints":{"allow":["GET"]}}],"collection":[{"href":"https:\/\/entrecantones.com\/index.php\/wp-json\/wp\/v2\/posts"}],"about":[{"href":"https:\/\/entrecantones.com\/index.php\/wp-json\/wp\/v2\/types\/post"}],"author":[{"embeddable":true,"href":"https:\/\/entrecantones.com\/index.php\/wp-json\/wp\/v2\/users\/1"}],"replies":[{"embeddable":true,"href":"https:\/\/entrecantones.com\/index.php\/wp-json\/wp\/v2\/comments?post=2179"}],"version-history":[{"count":1,"href":"https:\/\/entrecantones.com\/index.php\/wp-json\/wp\/v2\/posts\/2179\/revisions"}],"predecessor-version":[{"id":2182,"href":"https:\/\/entrecantones.com\/index.php\/wp-json\/wp\/v2\/posts\/2179\/revisions\/2182"}],"wp:featuredmedia":[{"embeddable":true,"href":"https:\/\/entrecantones.com\/index.php\/wp-json\/wp\/v2\/media\/2181"}],"wp:attachment":[{"href":"https:\/\/entrecantones.com\/index.php\/wp-json\/wp\/v2\/media?parent=2179"}],"wp:term":[{"taxonomy":"category","embeddable":true,"href":"https:\/\/entrecantones.com\/index.php\/wp-json\/wp\/v2\/categories?post=2179"},{"taxonomy":"post_tag","embeddable":true,"href":"https:\/\/entrecantones.com\/index.php\/wp-json\/wp\/v2\/tags?post=2179"}],"curies":[{"name":"wp","href":"https:\/\/api.w.org\/{rel}","templated":true}]}}