{"id":2243,"date":"2025-11-10T20:34:45","date_gmt":"2025-11-10T20:34:45","guid":{"rendered":"https:\/\/entrecantones.com\/?p=2243"},"modified":"2025-11-10T20:38:05","modified_gmt":"2025-11-10T20:38:05","slug":"mikela-castro-bolivar-se-llena-de-medallas","status":"publish","type":"post","link":"https:\/\/entrecantones.com\/index.php\/2025\/11\/10\/mikela-castro-bolivar-se-llena-de-medallas\/","title":{"rendered":"Mikela Castro Bol\u00edvar se llena de medallas"},"content":{"rendered":"\n<p>Surfista logra el campeonato centroamericano en Sub-14.<\/p>\n\n\n\n<p>La deportista nacida en&nbsp;<strong>Playa Cieneguita de Lim\u00f3n, Mikela Castro Bol\u00edvar,&nbsp;<\/strong>se volvi\u00f3 a colgar otra&nbsp;<strong>medalla de oro<\/strong>&nbsp;luego de que el&nbsp;<strong>pasado 8 de noviembre<\/strong>&nbsp;ganar\u00e1 la categor\u00eda&nbsp;<strong>Sub-14 de la regi\u00f3n de Centroam\u00e9rica del Global Tour 2025 de la Asociaci\u00f3n Latinoamericana de Surf (ALAS)<\/strong>&nbsp;sumando&nbsp;<strong>10&nbsp;720 puntos<\/strong>&nbsp;en la serie de torneos de cinco fechas de la actual temporada.<\/p>\n\n\n\n<p>Esta nueva victoria de la limonense, quien reside en\u00a0<strong>Playa Jac\u00f3 de Puntarenas,\u00a0<\/strong>representa otro \u00e9xito una carrera que a pesar de su corta edad (<strong>12 a\u00f1os<\/strong>) ya muestra una hoja de vida deportiva llena de triunfos entre ellos los actuales\u00a0<strong>tres campeonatos del Circuito Nacional de Surf 2025 en las divisiones Sub-16, Sub-14 y Sub-12.<\/strong><\/p>\n\n\n\n<p>Adem\u00e1s, en el ranquin latinoamericano del Global Tour,&nbsp;<strong>Castro Bol\u00edvar&nbsp;<\/strong>se mantiene en la tercera casilla con 14&nbsp;630 puntos. Las finales de esa regi\u00f3n -donde solamente clasifican los mejores- se llevar\u00e1n a cabo a partir del&nbsp;<strong>17 de noviembre en Punta Mango, El Salvador.<\/strong><\/p>\n\n\n\n<p>En una entrevista con\u00a0<strong>Revista Entre Cantones<\/strong> la campeona de\u00a0<strong>Centroam\u00e9rica<\/strong>\u00a0relat\u00f3 c\u00f3mo logr\u00f3 llegar a la cima de la regi\u00f3n.<\/p>\n\n\n\n<p><strong>-Hola Mikela Ud. tuvo un rendimiento deportivo muy regular a lo largo del a\u00f1o porque siempre se mantuvo en las primeras posiciones \u00bfCu\u00e1l fue la base de \u00e9xito?<\/strong><\/p>\n\n\n\n<p>\u2013<em>Bueno la verdad que s\u00ed fue una buena temporada tanto en el pa\u00eds como internacionalmente, pienso que todo se debe al esfuerzo y las ganas con las que me he estado preparando con el fin de mantener un buen nivel porque las otras ni\u00f1as vienen surfeando excelente; de modo que, uno tiene que estar muy bien preparada.<\/em><\/p>\n\n\n\n<p><strong>-En relaci\u00f3n con ese tema \u00bfC\u00f3mo se mantiene activa cuando est\u00e1 fuera de competencia?<\/strong><\/p>\n\n\n\n<p><em>-Tengo un programa de entrenamiento muy bien dise\u00f1ado por gente que est\u00e1 junto conmigo como mis pap\u00e1s y entrenadores, ellos se preocupan por esa parte. Debo agradecerles por estar a m\u00ed lado siempre, todas estas medallas ser\u00edan imposibles de alcanzar sin ese apoyo. La verdad es que esas metas se deben en buena parte a esas personas.<\/em><\/p>\n\n\n\n<p><strong>-\u00bfCu\u00e1l fue su mejor torneo de Centroam\u00e9rica en el Global Tour 2025?<\/strong><\/p>\n\n\n\n<p><em>-Pienso que fue este \u00faltimo en Guatemala donde por fin alcance el trofeo de toda esa zona. Fue muy bonito porque el anunci\u00f3 de mi victoria se hizo el 8 de noviembre y al d\u00eda siguiente cumpl\u00eda a\u00f1os, fue el mejor de los regalos que pude tener porque en ese triunfo estuve a la par de mi pap\u00e1 y de mi mam\u00e1, eso fue algo muy emocionante.<\/em><\/p>\n\n\n\n<p><strong>-En relaci\u00f3n con este tema \u00bfQu\u00e9 nos puedes decir de apoyo de tus familiares?<\/strong><\/p>\n\n\n\n<p><em>-Mi pap\u00e1, Mike Castro junto con mi mam\u00e1, Esmeralda Bol\u00edvar, han sido una inspiraci\u00f3n tremenda, sin la ayuda de ellos jam\u00e1s hubiera logrado muchas de las cosas que he conseguido. Desde mis primeros a\u00f1os empezaron a inculcarle el amor por el deporte de las olas; adem\u00e1s, hacen un gran esfuerzo para lograr que vaya a competencias fuera del pa\u00eds, tambi\u00e9n mi hermano Axel ha sido una gran fuente de inspiraci\u00f3n, somos una familia que lleva el surf en el coraz\u00f3n.<\/em><\/p>\n\n\n\n<p><strong>-\u00bfAhora que sigue en su carrera?<\/strong><\/p>\n\n\n\n<p><em>-El 17 de noviembre empiezo a competir en la final latinoamericana del Global Tour, ah\u00ed estoy en el tercer lugar del ranquin general, lleg\u00f3 con una mentalidad muy positiva para darle una nueva alegr\u00eda a todas las chicas de Costa Rica que amamos este deporte.<\/em><\/p>\n","protected":false},"excerpt":{"rendered":"<p>Surfista logra el campeonato centroamericano en Sub-14. La deportista nacida en&nbsp;Playa Cieneguita de Lim\u00f3n, Mikela Castro Bol\u00edvar,&nbsp;se volvi\u00f3 a colgar otra&nbsp;medalla de oro&nbsp;luego de que el&nbsp;pasado 8 de noviembre&nbsp;ganar\u00e1 la categor\u00eda&nbsp;Sub-14 de la regi\u00f3n de Centroam\u00e9rica del Global Tour 2025 de la Asociaci\u00f3n Latinoamericana de Surf (ALAS)&nbsp;sumando&nbsp;10&nbsp;720 puntos&nbsp;en la serie de torneos de cinco fechas [&hellip;]<\/p>\n","protected":false},"author":1,"featured_media":2244,"comment_status":"open","ping_status":"open","sticky":false,"template":"","format":"standard","meta":{"footnotes":""},"categories":[6],"tags":[],"class_list":["post-2243","post","type-post","status-publish","format-standard","has-post-thumbnail","hentry","category-deportes"],"_links":{"self":[{"href":"https:\/\/entrecantones.com\/index.php\/wp-json\/wp\/v2\/posts\/2243","targetHints":{"allow":["GET"]}}],"collection":[{"href":"https:\/\/entrecantones.com\/index.php\/wp-json\/wp\/v2\/posts"}],"about":[{"href":"https:\/\/entrecantones.com\/index.php\/wp-json\/wp\/v2\/types\/post"}],"author":[{"embeddable":true,"href":"https:\/\/entrecantones.com\/index.php\/wp-json\/wp\/v2\/users\/1"}],"replies":[{"embeddable":true,"href":"https:\/\/entrecantones.com\/index.php\/wp-json\/wp\/v2\/comments?post=2243"}],"version-history":[{"count":2,"href":"https:\/\/entrecantones.com\/index.php\/wp-json\/wp\/v2\/posts\/2243\/revisions"}],"predecessor-version":[{"id":2246,"href":"https:\/\/entrecantones.com\/index.php\/wp-json\/wp\/v2\/posts\/2243\/revisions\/2246"}],"wp:featuredmedia":[{"embeddable":true,"href":"https:\/\/entrecantones.com\/index.php\/wp-json\/wp\/v2\/media\/2244"}],"wp:attachment":[{"href":"https:\/\/entrecantones.com\/index.php\/wp-json\/wp\/v2\/media?parent=2243"}],"wp:term":[{"taxonomy":"category","embeddable":true,"href":"https:\/\/entrecantones.com\/index.php\/wp-json\/wp\/v2\/categories?post=2243"},{"taxonomy":"post_tag","embeddable":true,"href":"https:\/\/entrecantones.com\/index.php\/wp-json\/wp\/v2\/tags?post=2243"}],"curies":[{"name":"wp","href":"https:\/\/api.w.org\/{rel}","templated":true}]}}