{"id":2264,"date":"2025-11-12T00:36:38","date_gmt":"2025-11-12T00:36:38","guid":{"rendered":"https:\/\/entrecantones.com\/?p=2264"},"modified":"2025-11-12T00:36:38","modified_gmt":"2025-11-12T00:36:38","slug":"el-dia-de-la-democracia","status":"publish","type":"post","link":"https:\/\/entrecantones.com\/index.php\/2025\/11\/12\/el-dia-de-la-democracia\/","title":{"rendered":"El D\u00eda de la Democracia"},"content":{"rendered":"\n<p><strong>Por Gerardo Z\u00fa\u00f1iga Z\u00fa\u00f1iga, Regidor Propietario de Puntarenas*.<\/strong><\/p>\n\n\n\n<p>El pasado 7 de noviembre Costa Rica celebr\u00f3 el D\u00eda de la Democracia, una fecha que conmemora la hist\u00f3rica lucha del pueblo costarricense por defender el voto y consolidar el sistema democr\u00e1tico en el pa\u00eds. Ese d\u00eda es un recordatorio de la importancia de la participaci\u00f3n ciudadana y la protecci\u00f3n de los derechos pol\u00edticos.<\/p>\n\n\n\n<p>La democracia en Costa Rica tiene ra\u00edces profundas que se remontan a la Colonia y se han ido fortaleciendo con el tiempo. A lo largo de la historia, los costarricenses han luchado por sus derechos pol\u00edticos y han logrado avances significativos, como el sufragio directo y secreto, la extensi\u00f3n del voto a las mujeres y la creaci\u00f3n del Tribunal Supremo de Elecciones.<\/p>\n\n\n\n<p>En la actualidad, la democracia costarricense sigue siendo un modelo a seguir en la regi\u00f3n. Sin embargo, tambi\u00e9n enfrenta desaf\u00edos y amenazas que requieren la vigilancia y participaci\u00f3n activa de los ciudadanos. Es fundamental que los costarricenses sigamos defendiendo y fortaleciendo nuestros valores democr\u00e1ticos, como la libertad, la justicia y la igualdad.<\/p>\n\n\n\n<p>Como regidor, creo que es fundamental promover la educaci\u00f3n c\u00edvica y la participaci\u00f3n ciudadana en la toma de decisiones pol\u00edticas. Solo mediante el di\u00e1logo y la cooperaci\u00f3n podremos construir una sociedad m\u00e1s justa y solidaria, donde cada voz cuente y cada ciudadano tenga un papel fundamental en la construcci\u00f3n del futuro de Costa Rica.<\/p>\n\n\n\n<p>El festejo del D\u00eda de la Democracia es una oportunidad para invitar a todos los costarricenses a reflexionar sobre la importancia de nuestra democracia y a renovar nuestro compromiso con los valores que la sostienen. Juntos, podemos seguir construyendo un pa\u00eds m\u00e1s democr\u00e1tico, justo y pr\u00f3spero para todas y todos<\/p>\n\n\n\n<p><strong>*Doctor en Derecho, Historiador y Polit\u00f3logo.<\/strong><\/p>\n","protected":false},"excerpt":{"rendered":"<p>Por Gerardo Z\u00fa\u00f1iga Z\u00fa\u00f1iga, Regidor Propietario de Puntarenas*. El pasado 7 de noviembre Costa Rica celebr\u00f3 el D\u00eda de la Democracia, una fecha que conmemora la hist\u00f3rica lucha del pueblo costarricense por defender el voto y consolidar el sistema democr\u00e1tico en el pa\u00eds. Ese d\u00eda es un recordatorio de la importancia de la participaci\u00f3n ciudadana [&hellip;]<\/p>\n","protected":false},"author":1,"featured_media":2265,"comment_status":"open","ping_status":"open","sticky":false,"template":"","format":"standard","meta":{"footnotes":""},"categories":[3],"tags":[],"class_list":["post-2264","post","type-post","status-publish","format-standard","has-post-thumbnail","hentry","category-opinion"],"_links":{"self":[{"href":"https:\/\/entrecantones.com\/index.php\/wp-json\/wp\/v2\/posts\/2264","targetHints":{"allow":["GET"]}}],"collection":[{"href":"https:\/\/entrecantones.com\/index.php\/wp-json\/wp\/v2\/posts"}],"about":[{"href":"https:\/\/entrecantones.com\/index.php\/wp-json\/wp\/v2\/types\/post"}],"author":[{"embeddable":true,"href":"https:\/\/entrecantones.com\/index.php\/wp-json\/wp\/v2\/users\/1"}],"replies":[{"embeddable":true,"href":"https:\/\/entrecantones.com\/index.php\/wp-json\/wp\/v2\/comments?post=2264"}],"version-history":[{"count":1,"href":"https:\/\/entrecantones.com\/index.php\/wp-json\/wp\/v2\/posts\/2264\/revisions"}],"predecessor-version":[{"id":2266,"href":"https:\/\/entrecantones.com\/index.php\/wp-json\/wp\/v2\/posts\/2264\/revisions\/2266"}],"wp:featuredmedia":[{"embeddable":true,"href":"https:\/\/entrecantones.com\/index.php\/wp-json\/wp\/v2\/media\/2265"}],"wp:attachment":[{"href":"https:\/\/entrecantones.com\/index.php\/wp-json\/wp\/v2\/media?parent=2264"}],"wp:term":[{"taxonomy":"category","embeddable":true,"href":"https:\/\/entrecantones.com\/index.php\/wp-json\/wp\/v2\/categories?post=2264"},{"taxonomy":"post_tag","embeddable":true,"href":"https:\/\/entrecantones.com\/index.php\/wp-json\/wp\/v2\/tags?post=2264"}],"curies":[{"name":"wp","href":"https:\/\/api.w.org\/{rel}","templated":true}]}}