{"id":2268,"date":"2025-11-12T03:15:57","date_gmt":"2025-11-12T03:15:57","guid":{"rendered":"https:\/\/entrecantones.com\/?p=2268"},"modified":"2025-11-12T03:15:57","modified_gmt":"2025-11-12T03:15:57","slug":"carden-jagger-finaliza-la-temporada-de-centroamerica-en-el-tercer-lugar","status":"publish","type":"post","link":"https:\/\/entrecantones.com\/index.php\/2025\/11\/12\/carden-jagger-finaliza-la-temporada-de-centroamerica-en-el-tercer-lugar\/","title":{"rendered":"Carden Jagger finaliza la temporada de Centroam\u00e9rica en el tercer lugar"},"content":{"rendered":"\n<p><strong>Carden Jagger, <\/strong>vecino de <strong>Playa Grande de Santa Cruz (Guanacaste), <\/strong>puso el mapa de <strong>Costa Rica<\/strong> en las primeras posiciones del <strong>ranquin<\/strong> <strong>general<\/strong> de <strong>Centroam\u00e9rica<\/strong> en el <strong>Global ProTour de Surf 2025 <\/strong>luego de finalizada la \u00faltima fecha del Istmo en <strong>Playa El Pared\u00f3n, Guatemala<\/strong>, donde el joven de <strong>14 a\u00f1os<\/strong> acab\u00f3 la temporada del a\u00f1o en el <strong>tercer lugar.<\/strong><\/p>\n\n\n\n<p>Durante la campa\u00f1a <strong>Jagger <\/strong>particip\u00f3 en <strong>cuatro de las seis fechas<\/strong> de la programaci\u00f3n de <strong>Centroam\u00e9rica<\/strong> en <strong>Sub-14<\/strong> ganando el <strong>primer lugar en el evento <\/strong>de<strong> Playa Popoyo (Nicaragua), cuarta casilla en Panam\u00e1, segundo puesto en Santa Teresa de C\u00f3bano (Costa Rica) y la misma posici\u00f3n en Puerto Rico.<\/strong> Terminada la programaci\u00f3n <strong>Jagger -nacido en la ciudad de Liberia-<\/strong> logr\u00f3 sumar <a href=\"https:\/\/alaslatintour.com\/ranking.asp?CategoriaId=2037\"><strong>9&nbsp;650 puntos<\/strong><\/a><strong> <\/strong>para concluir en la <strong>tercera casilla.<\/strong><\/p>\n\n\n\n<p>El atleta -quien ya se encuentra clasificado para el <strong>Global Pro Tour 2026<\/strong>&#8211; coment\u00f3 que este nuevo logro es una \u201cmotivaci\u00f3n enorme para entrenar con m\u00e1s fortaleza porque uno siempre se emociona a\u00fan m\u00e1s cuando sube al podio de los protagonistas, en mi caso es un honor poner la bandera del pa\u00eds en un sitio destacado porque eso demuestra que las nuevas generaciones tienen grandes condiciones para sobresalir\u201d.<\/p>\n\n\n<div class=\"wp-block-image\">\n<figure class=\"aligncenter size-large\"><img loading=\"lazy\" decoding=\"async\" width=\"1024\" height=\"703\" src=\"https:\/\/entrecantones.com\/wp-content\/uploads\/2025\/11\/CARDEN-FOTO-AGUSTIN-MUNOZ-1024x703.jpg\" alt=\"\" class=\"wp-image-2269\" srcset=\"https:\/\/entrecantones.com\/wp-content\/uploads\/2025\/11\/CARDEN-FOTO-AGUSTIN-MUNOZ-1024x703.jpg 1024w, https:\/\/entrecantones.com\/wp-content\/uploads\/2025\/11\/CARDEN-FOTO-AGUSTIN-MUNOZ-300x206.jpg 300w, https:\/\/entrecantones.com\/wp-content\/uploads\/2025\/11\/CARDEN-FOTO-AGUSTIN-MUNOZ-768x528.jpg 768w, https:\/\/entrecantones.com\/wp-content\/uploads\/2025\/11\/CARDEN-FOTO-AGUSTIN-MUNOZ-1536x1055.jpg 1536w, https:\/\/entrecantones.com\/wp-content\/uploads\/2025\/11\/CARDEN-FOTO-AGUSTIN-MUNOZ-2048x1407.jpg 2048w\" sizes=\"auto, (max-width: 1024px) 100vw, 1024px\" \/><figcaption class=\"wp-element-caption\">Carden Jagger destaca en el surf de Centroam\u00e9rica. Fotograf\u00eda: Agust\u00edn Mu\u00f1oz.<\/figcaption><\/figure><\/div>\n\n\n<p>\u201cCreo que estos \u00faltimos meses han sido muy provechosos porque estuve siempre en las primeras posiciones gracias a que me preparo con mucha disciplina porque el deporte competitivo as\u00ed lo exige; adem\u00e1s, en mi categor\u00eda siempre hay chicos muy buenos que vienen dando su mejor esfuerzo para llegar lo m\u00e1s lejos posible, igualmente son un aliciente muy importante para las pr\u00f3ximas competencias\u201d, precis\u00f3 el guanacasteco.<\/p>\n\n\n\n<p><strong><u>Panorama internacional<\/u><\/strong><\/p>\n\n\n\n<p>En el caso del ranquin general <strong>Sub-14<\/strong> del<strong> Global Pro Tour de Surf 2025<\/strong> \u00e9l ocupa la sexta posici\u00f3n con <a href=\"https:\/\/alaslatintour.com\/ranking.asp?CategoriaId=2037\">12&nbsp;230 puntos<\/a>. Las finales de los clasificados de las diferentes regiones del Tour se llevar\u00e1n a cabo en Punta Mango, El Salvador, a partir del 17 de noviembre.<\/p>\n\n\n\n<p>En la actualidad adem\u00e1s de sobresalir en <strong>Centroam\u00e9rica, Jagger<\/strong> ocupa <strong>el primer lugar (Sub-16) en la tabla general del Campeonato Escolar de los Estados Unidos (EE. UU.) en la regi\u00f3n Suroeste. <\/strong>En esa serie de torneos <strong>Jagger<\/strong> marcha como l\u00edder con un total de <a href=\"https:\/\/www.nssa.org\/conferenceratings.asp?event=294\"><strong>6&nbsp;861 puntos.<\/strong><\/a><strong><\/strong><\/p>\n\n\n\n<p>La serie de competencias en <strong>EE. UU<\/strong>. est\u00e1 a cargo de la <strong>Asociaci\u00f3n Nacional de Surf Escolar (NSSA, siglas en ingl\u00e9s)<\/strong> una organizaci\u00f3n sin fines de lucro cuya misi\u00f3n es alentar y ayudar a sus miembros en su inter\u00e9s por aprender y desarrollar los fundamentos y habilidades de la competencia de surf mientras participan en eventos estructurados y de calidad.<\/p>\n\n\n\n<p>La carrera del atleta de <strong>Playa Grande<\/strong> tiene el apoyo de<strong> Vissla, Futures, Banzaii, Lost, Amigo Realty, Las Ventanas, Black Box, Punto Surf, Momentum Surf &amp; Skate Center, Fu Wax y Frijoles Locos Surf Shop.<\/strong><\/p>\n","protected":false},"excerpt":{"rendered":"<p>Carden Jagger, vecino de Playa Grande de Santa Cruz (Guanacaste), puso el mapa de Costa Rica en las primeras posiciones del ranquin general de Centroam\u00e9rica en el Global ProTour de Surf 2025 luego de finalizada la \u00faltima fecha del Istmo en Playa El Pared\u00f3n, Guatemala, donde el joven de 14 a\u00f1os acab\u00f3 la temporada del [&hellip;]<\/p>\n","protected":false},"author":1,"featured_media":2270,"comment_status":"open","ping_status":"open","sticky":false,"template":"","format":"standard","meta":{"footnotes":""},"categories":[6],"tags":[],"class_list":["post-2268","post","type-post","status-publish","format-standard","has-post-thumbnail","hentry","category-deportes"],"_links":{"self":[{"href":"https:\/\/entrecantones.com\/index.php\/wp-json\/wp\/v2\/posts\/2268","targetHints":{"allow":["GET"]}}],"collection":[{"href":"https:\/\/entrecantones.com\/index.php\/wp-json\/wp\/v2\/posts"}],"about":[{"href":"https:\/\/entrecantones.com\/index.php\/wp-json\/wp\/v2\/types\/post"}],"author":[{"embeddable":true,"href":"https:\/\/entrecantones.com\/index.php\/wp-json\/wp\/v2\/users\/1"}],"replies":[{"embeddable":true,"href":"https:\/\/entrecantones.com\/index.php\/wp-json\/wp\/v2\/comments?post=2268"}],"version-history":[{"count":1,"href":"https:\/\/entrecantones.com\/index.php\/wp-json\/wp\/v2\/posts\/2268\/revisions"}],"predecessor-version":[{"id":2271,"href":"https:\/\/entrecantones.com\/index.php\/wp-json\/wp\/v2\/posts\/2268\/revisions\/2271"}],"wp:featuredmedia":[{"embeddable":true,"href":"https:\/\/entrecantones.com\/index.php\/wp-json\/wp\/v2\/media\/2270"}],"wp:attachment":[{"href":"https:\/\/entrecantones.com\/index.php\/wp-json\/wp\/v2\/media?parent=2268"}],"wp:term":[{"taxonomy":"category","embeddable":true,"href":"https:\/\/entrecantones.com\/index.php\/wp-json\/wp\/v2\/categories?post=2268"},{"taxonomy":"post_tag","embeddable":true,"href":"https:\/\/entrecantones.com\/index.php\/wp-json\/wp\/v2\/tags?post=2268"}],"curies":[{"name":"wp","href":"https:\/\/api.w.org\/{rel}","templated":true}]}}