{"id":2318,"date":"2025-11-19T22:38:34","date_gmt":"2025-11-19T22:38:34","guid":{"rendered":"https:\/\/entrecantones.com\/?p=2318"},"modified":"2025-11-19T22:38:34","modified_gmt":"2025-11-19T22:38:34","slug":"guanacaste-aeropuerto-desarrollara-terminal-para-vuelos-ejecutivos","status":"publish","type":"post","link":"https:\/\/entrecantones.com\/index.php\/2025\/11\/19\/guanacaste-aeropuerto-desarrollara-terminal-para-vuelos-ejecutivos\/","title":{"rendered":"Guanacaste Aeropuerto desarrollar\u00e1 terminal para vuelos ejecutivos"},"content":{"rendered":"\n<p><strong>Por Luis Castrillo Mar\u00edn<\/strong>.<\/p>\n\n\n\n<p>En muy pocos d\u00edas los administradores del Aeropuerto Internacional Daniel Oduber de Liberia anunciar\u00e1n el arranque de un proyecto para construir una terminal que recibir\u00e1 vuelos ejecutivos seg\u00fan confirm\u00f3 <strong>C\u00e9sar Jaramillo, Gerente General<\/strong> de esa terminal que forma parte de la red VINCI Airports.<\/p>\n\n\n\n<p>Seg\u00fan el ejecutivo los detalles m\u00e1s concretos se conocer\u00e1n en pocos d\u00edas; no obstante, revel\u00f3 que el proceso licitatorio ya qued\u00f3 adjudicado en manos de una empresa internacional \u201cde primer nivel\u201d.<\/p>\n\n\n\n<p>De acuerdo con la publicaci\u00f3n especializada <strong><a href=\"https:\/\/a21.com.mx\/aeronautica\/2025\/10\/06\/concentra-eu-dos-tercios-de-los-vuelos-de-aviacion-ejecutiva-mundial\/\">A21 MX<\/a> <\/strong>\u201cde enero a agosto (2025) se registraron 1,55 millones de operaciones (de vuelos ejecutivos en los Estados Unidos), mientras Am\u00e9rica Latina, \u00c1frica y Asia muestran los mayores \u00edndices de crecimiento\u201d.<\/p>\n\n\n\n<p>\u201cNorteam\u00e9rica represent\u00f3 el 74 por ciento de los movimientos de jets ejecutivos, mientras que Europa, con un 15 por ciento, se ubic\u00f3 en el segundo lugar. Sudam\u00e9rica, Asia y \u00c1frica equivalen al 11 por ciento restante. Canad\u00e1, M\u00e9xico y Brasil aparecen como los siguientes pa\u00edses m\u00e1s activos en esta rama, mientras que Francia, Reino Unido e Italia lideran en Europa con m\u00e1s de 40 mil vuelos cada uno. Brasil creci\u00f3 un 45 por ciento en vuelos este a\u00f1o en comparaci\u00f3n de 2024, por su parte Colombia lo hizo un 42 por ciento y Venezuela un 34 por ciento. En Asia, Filipinas aument\u00f3 29 por ciento y Jap\u00f3n 26 por ciento, y en \u00c1frica destacaron Nigeria (29 por ciento) y Marruecos (24 por ciento)\u201d, revela esa fuente experta.<\/p>\n\n\n\n<p>En una entrevista con <strong>Guana Noticias,<\/strong> <strong>Jaramillo<\/strong> resumi\u00f3 el trabajo del Aeropuerto de Liberia durante el <strong>2025<\/strong> y las perspectivas para el <strong>2026<\/strong>.<\/p>\n\n\n\n<p><strong><em>-\u00bfCu\u00e1les son los principales planes, por lo menos en infraestructura, que piensan desarrollar en el 2026?<\/em><\/strong><\/p>\n\n\n\n<p>&#8211;<em>Hay varios proyectos que tienen que ver con el tr\u00e1fico terrestre, para nadie es un secreto que tenemos un reto importante en el tema de carreteras. Nosotros estamos contribuyendo con la facilidad de llegar al Aeropuerto con inversiones en estacionamientos y con la inversi\u00f3n muy fuerte con la Polic\u00eda de Tr\u00e1nsito para que el paso por el boulevard se haga de una manera fluida, por lo menos que no seamos parte del problema, as\u00ed como tenemos parqueo de buses y busetas suficientes para que el tr\u00e1fico terrestre sea expedito.<\/em><\/p>\n\n\n\n<p><em>Un proyecto muy importante para el a\u00f1o entrante es que vamos a tener la terminal de aviaci\u00f3n ejecutiva. Tenemos ese plan muy querido, muy acariciado, hicimos una licitaci\u00f3n internacional, hubo mucha participaci\u00f3n, la gan\u00f3 una empresa de primer nivel, estamos por hacer los anuncios luego de que se terminen algunos procedimientos de tipo privado. Calculo se puede estar haciendo el anuncio a fines del mes de noviembre.<\/em><\/p>\n\n\n\n<p><strong>\u00bfCu\u00e1l es la evaluaci\u00f3n del trabajo del Aeropuerto durante el presente a\u00f1o?<\/strong><\/p>\n\n\n\n<p><em>-Este ha sido un a\u00f1o bueno en el sentido de que el tr\u00e1fico no ha dejado de crecer, vamos a terminar el a\u00f1o con un cuatro por ciento en el tr\u00e1fico de pasajeros; sin embargo, eso no es a lo que nos tiene acostumbrados la \u00e9poca pospandemia donde en los a\u00f1os anteriores estuvimos creciendo a doble digito. Retomar la senda del crecimiento ha sido parte del trabajo de este a\u00f1o, una parte tiene que ver con unas inversiones bastante importantes que hicimos, aproximadamente $USD 6 millones en la parte terrestre del Aeropuerto durante este a\u00f1o, pero tambi\u00e9n mucho trabajo en el desarrollo de rutas que nos garantizan que el otro a\u00f1o tengamos una disponibilidad de asientos mayor en un 10 por ciento comparado con el 2025.<\/em><\/p>\n\n\n\n<p><strong>-\u00bfCu\u00e1les dir\u00edan Ud. que fueron los principales logros que tuvo el Aeropuerto durante este a\u00f1o?<\/strong><\/p>\n\n\n\n<p><em>-Uno de los logros es la consolidaci\u00f3n del destino en las dos direcciones. Cuando a Guanacaste y a Costa Rica les va bien a nosotros tambi\u00e9n, cuando a nosotros nos va bien a Costa Rica tambi\u00e9n, es un asunto de inter\u00e9s nacional. Todo lo que se refiere al sector tur\u00edstico, del cual este Aeropuerto es parte integral, es parte de lo que nos ha salido muy bien, mantenemos un alto grado de inter\u00e9s en los mercados internacionales que hace que la gente siga teniendo inter\u00e9s en venir. En segundo lugar, ha habido un incremento en la oferta, n\u00famero de cuartos, capacidad de transporte, atractivos y; por el lado aeroportuario las inversiones van por el lado del aumento de la seguridad y en temas comerciales como alimentos y bebidas, rent a cars, en todo eso se ha expandido en la terminal, las obras no han parado, seguir\u00e1n tambi\u00e9n el a\u00f1o entrante.<\/em><\/p>\n\n\n\n<p><strong>-\u00bfCu\u00e1les son las cifras proyectadas a finales del 2025 en cuanto a la visitaci\u00f3n?<\/strong><\/p>\n\n\n\n<p><em>-Para este a\u00f1o vamos a estar cerca de los dos millones de tr\u00e1fico de pasajeros entrantes y salientes, cerca de esa cifra, casi todos llegando desde Norteam\u00e9rica, tambi\u00e9n tenemos desde Europa. Esa realidad, que se consolid\u00f3 en la primera parte del a\u00f1o, arranca con mucho dinamismo desde que empez\u00f3 noviembre y tiene un mayor eco en diciembre porque tenemos varios vuelos nuevos. No solo se reestablece las frecuencias y los or\u00edgenes que ya ten\u00edamos, sino que tenemos seis m\u00e1s.<\/em><\/p>\n\n\n\n<p><strong>-\u00bfCu\u00e1les son esos nuevos or\u00edgenes?<\/strong><\/p>\n\n\n\n<p><em>-Son varias de Canad\u00e1. Tenemos Toronto y Ottawa, a trav\u00e9s de una aerol\u00ednea nueva que se llama Porter, es la primera vez que llega a Centroam\u00e9rica, adem\u00e1s, WestJet que aqu\u00ed ha estado nos pone a Vancouver y a Winnipeg en el mapa. Desde el mercado americano Jetblue que ya vuela de varios lados, volar\u00e1 diario desde Fort Laurerdale en Florida y aumenta sus frecuencias desde Boston que ahora ser\u00e1 diario, otro vuelo que nos parece important\u00edsimo es uno de Delta desde Detroit. La zona alrededor de donde sale ese vuelo es una gran \u00e1rea de atracci\u00f3n donde hay mucho inter\u00e9s por venir a Costa Rica y que no estaba tan bien servida.<\/em><\/p>\n\n\n\n<p><em>Adem\u00e1s, se reinician las rutas de Baltimore, Minneapolis y Denver; es decir, tenemos una disponibilidad para que nos visiten superior en un 10 por ciento, tenemos noticias de los hoteles que se est\u00e1n llenando muy bien; o sea, las reservaciones, las compras de esos espacios, tanto en los aviones como en los hoteles, tenemos noticias de que vienen bastante fuertes.<\/em><\/p>\n\n\n\n<p><strong>\u00bfA qu\u00e9 atribuyen Ustedes ese mayor inter\u00e9s del mercado de Canad\u00e1?<\/strong><\/p>\n\n\n\n<p><em>-Bueno se ha hecho una campa\u00f1a muy fuerte durante mucho tiempo, estas no son cosas que pasan de la noche a la ma\u00f1ana, no son accidentales. Tanto el Instituto Costarricense de Turismo, como nosotros con la Red de Aeropuertos que representamos, identificamos el deseo de canadienses por visitar Guanacaste hace mucho tiempo y lo hemos venido pregonando, hay momentos que son de siembra y otros de cosecha, este es de cosecha.<\/em><\/p>\n\n\n\n<p><em>Me parece que los canadienses comienzan a valorar las ventajas naturales de venir a Costa Rica, el tema humano, del Pura Vida, de que lo traten a uno bien, esa parte es muy valiosa, acompa\u00f1\u00e9 a una delegaci\u00f3n costarricense a Vancouver y se nota el cari\u00f1o y las ganas que tienen de venir a Guanacaste, es impresionante.<\/em><\/p>\n","protected":false},"excerpt":{"rendered":"<p>Por Luis Castrillo Mar\u00edn. En muy pocos d\u00edas los administradores del Aeropuerto Internacional Daniel Oduber de Liberia anunciar\u00e1n el arranque de un proyecto para construir una terminal que recibir\u00e1 vuelos ejecutivos seg\u00fan confirm\u00f3 C\u00e9sar Jaramillo, Gerente General de esa terminal que forma parte de la red VINCI Airports. Seg\u00fan el ejecutivo los detalles m\u00e1s concretos [&hellip;]<\/p>\n","protected":false},"author":1,"featured_media":2319,"comment_status":"open","ping_status":"open","sticky":false,"template":"","format":"standard","meta":{"footnotes":""},"categories":[2],"tags":[],"class_list":["post-2318","post","type-post","status-publish","format-standard","has-post-thumbnail","hentry","category-actualidad"],"_links":{"self":[{"href":"https:\/\/entrecantones.com\/index.php\/wp-json\/wp\/v2\/posts\/2318","targetHints":{"allow":["GET"]}}],"collection":[{"href":"https:\/\/entrecantones.com\/index.php\/wp-json\/wp\/v2\/posts"}],"about":[{"href":"https:\/\/entrecantones.com\/index.php\/wp-json\/wp\/v2\/types\/post"}],"author":[{"embeddable":true,"href":"https:\/\/entrecantones.com\/index.php\/wp-json\/wp\/v2\/users\/1"}],"replies":[{"embeddable":true,"href":"https:\/\/entrecantones.com\/index.php\/wp-json\/wp\/v2\/comments?post=2318"}],"version-history":[{"count":1,"href":"https:\/\/entrecantones.com\/index.php\/wp-json\/wp\/v2\/posts\/2318\/revisions"}],"predecessor-version":[{"id":2320,"href":"https:\/\/entrecantones.com\/index.php\/wp-json\/wp\/v2\/posts\/2318\/revisions\/2320"}],"wp:featuredmedia":[{"embeddable":true,"href":"https:\/\/entrecantones.com\/index.php\/wp-json\/wp\/v2\/media\/2319"}],"wp:attachment":[{"href":"https:\/\/entrecantones.com\/index.php\/wp-json\/wp\/v2\/media?parent=2318"}],"wp:term":[{"taxonomy":"category","embeddable":true,"href":"https:\/\/entrecantones.com\/index.php\/wp-json\/wp\/v2\/categories?post=2318"},{"taxonomy":"post_tag","embeddable":true,"href":"https:\/\/entrecantones.com\/index.php\/wp-json\/wp\/v2\/tags?post=2318"}],"curies":[{"name":"wp","href":"https:\/\/api.w.org\/{rel}","templated":true}]}}