{"id":2810,"date":"2026-03-06T22:48:14","date_gmt":"2026-03-06T22:48:14","guid":{"rendered":"https:\/\/entrecantones.com\/?p=2810"},"modified":"2026-03-06T22:48:14","modified_gmt":"2026-03-06T22:48:14","slug":"expotour-2026-muestra-excelentes-numeros","status":"publish","type":"post","link":"https:\/\/entrecantones.com\/index.php\/2026\/03\/06\/expotour-2026-muestra-excelentes-numeros\/","title":{"rendered":"ExpoTour 2026 muestra excelentes n\u00fameros"},"content":{"rendered":"\n<p>A tres meses de su celebraci\u00f3n, la Feria de Promoci\u00f3n Tur\u00edstica de Costa Rica, Expotur 2026, est\u00e1 pr\u00f3xima a alcanzar la meta de compradores internacionales, al superar los 114 compradores confirmados provenientes de los principales mercados emisores, una respuesta anticipada de un 80 % que confirma que las miradas internacionales siguen puestas en Costa Rica como destino tur\u00edstico.<\/p>\n\n\n\n<p>Este avance fue dado a conocer durante un encuentro informativo organizado por la Asociaci\u00f3n Costarricense de Profesionales en Turismo (ACOPROT), realizado en el Crowne Plaza San Jos\u00e9 La Sabana, sede oficial donde se llevar\u00e1 a cabo Expotur 2026 del 27 al 29 de mayo.<\/p>\n\n\n\n<p>\u201cLa respuesta anticipada del mercado internacional confirma que Costa Rica sigue siendo un destino tur\u00edstico favorito y confiable, con una propuesta s\u00f3lida que despierta inter\u00e9s en los principales mercados emisores. A punto de alcanzar la meta de compradores internacionales con meses de antelaci\u00f3n refleja la confianza que existe en el pa\u00eds, en su oferta tur\u00edstica y en la seriedad de Expotur 2026 como plataforma profesional, y nos plantea el reto de seguir fortaleciendo la participaci\u00f3n de las empresas para aprovechar este escenario\u201d, se\u00f1al\u00f3 Yadyra Sim\u00f3n, presidenta de ACOPROT.<\/p>\n\n\n\n<p>Durante la actividad se compartieron detalles de los preparativos de Expotur 2026, &nbsp;la Feria de Promoci\u00f3n que celebrar\u00e1 su edici\u00f3n n\u00famero 39 y es reconocida como una de las Bolsas de Comercializaci\u00f3n m\u00e1s antiguas de Latinoam\u00e9rica consolidada como una plataforma estrat\u00e9gica para la comercializaci\u00f3n y proyecci\u00f3n internacional del producto tur\u00edstico nacional.<\/p>\n\n\n\n<p>En ese contexto, ACOPROT se\u00f1al\u00f3 que el objetivo del encuentro fue informar sobre los avances en los preparativos de Expotur 2026 y fortalecer los encadenamientos, de manera que un mayor n\u00famero de empresas nacionales pueda integrarse oportunamente a esta vitrina internacional y aprovechar los espacios de encuentro con hom\u00f3logos internacionales de reconocido prestigio.<\/p>\n\n\n\n<p>Expotur 2026 es un evento pa\u00eds de comercializaci\u00f3n tur\u00edstica organizado por ACOPROT y respaldado por el Instituto Costarricense de Turismo (ICT). Se realizar\u00e1 del 27 al 29 de mayo en San Jos\u00e9, con la participaci\u00f3n de compradores internacionales provenientes de los principales mercados emisores prioritarios y emergentes, lo que reafirma el posicionamiento del pa\u00eds como destino tur\u00edstico sostenible de importancia a nivel global.<\/p>\n","protected":false},"excerpt":{"rendered":"<p>A tres meses de su celebraci\u00f3n, la Feria de Promoci\u00f3n Tur\u00edstica de Costa Rica, Expotur 2026, est\u00e1 pr\u00f3xima a alcanzar la meta de compradores internacionales, al superar los 114 compradores confirmados provenientes de los principales mercados emisores, una respuesta anticipada de un 80 % que confirma que las miradas internacionales siguen puestas en Costa Rica [&hellip;]<\/p>\n","protected":false},"author":1,"featured_media":2811,"comment_status":"open","ping_status":"open","sticky":false,"template":"","format":"standard","meta":{"footnotes":""},"categories":[8],"tags":[],"class_list":["post-2810","post","type-post","status-publish","format-standard","has-post-thumbnail","hentry","category-turismo"],"_links":{"self":[{"href":"https:\/\/entrecantones.com\/index.php\/wp-json\/wp\/v2\/posts\/2810","targetHints":{"allow":["GET"]}}],"collection":[{"href":"https:\/\/entrecantones.com\/index.php\/wp-json\/wp\/v2\/posts"}],"about":[{"href":"https:\/\/entrecantones.com\/index.php\/wp-json\/wp\/v2\/types\/post"}],"author":[{"embeddable":true,"href":"https:\/\/entrecantones.com\/index.php\/wp-json\/wp\/v2\/users\/1"}],"replies":[{"embeddable":true,"href":"https:\/\/entrecantones.com\/index.php\/wp-json\/wp\/v2\/comments?post=2810"}],"version-history":[{"count":1,"href":"https:\/\/entrecantones.com\/index.php\/wp-json\/wp\/v2\/posts\/2810\/revisions"}],"predecessor-version":[{"id":2812,"href":"https:\/\/entrecantones.com\/index.php\/wp-json\/wp\/v2\/posts\/2810\/revisions\/2812"}],"wp:featuredmedia":[{"embeddable":true,"href":"https:\/\/entrecantones.com\/index.php\/wp-json\/wp\/v2\/media\/2811"}],"wp:attachment":[{"href":"https:\/\/entrecantones.com\/index.php\/wp-json\/wp\/v2\/media?parent=2810"}],"wp:term":[{"taxonomy":"category","embeddable":true,"href":"https:\/\/entrecantones.com\/index.php\/wp-json\/wp\/v2\/categories?post=2810"},{"taxonomy":"post_tag","embeddable":true,"href":"https:\/\/entrecantones.com\/index.php\/wp-json\/wp\/v2\/tags?post=2810"}],"curies":[{"name":"wp","href":"https:\/\/api.w.org\/{rel}","templated":true}]}}