{"id":2868,"date":"2026-03-20T18:54:17","date_gmt":"2026-03-20T18:54:17","guid":{"rendered":"https:\/\/entrecantones.com\/?p=2868"},"modified":"2026-03-20T18:54:17","modified_gmt":"2026-03-20T18:54:17","slug":"burocracia-entraba-proceso-de-traspaso-de-propiedad-en-favor-de-adultos-mayores","status":"publish","type":"post","link":"https:\/\/entrecantones.com\/index.php\/2026\/03\/20\/burocracia-entraba-proceso-de-traspaso-de-propiedad-en-favor-de-adultos-mayores\/","title":{"rendered":"Burocracia entraba proceso de traspaso de propiedad en favor de adultos mayores"},"content":{"rendered":"\n<p>La burocracia estatal mantiene entrabado el proceso -aprobado mediante una Ley- de traspaso de una propiedad en <strong>San Pedro de Santa Cruz<\/strong> donde se remodelar\u00eda una estructura que albergar\u00e1 el Centro Diurno para Adultos Mayores de esa comunidad.<\/p>\n\n\n\n<p>En <strong>octubre del 2024<\/strong> la Asamblea Legislativa aprob\u00f3 el proyecto <strong>24&nbsp;059<\/strong> de la diputada Melina Ajoy para desafectar el uso y dominio p\u00fablico de un terreno que le pertenece al Ministerio de Salud para que fuera donado a la Asociaci\u00f3n para la Persona Adulta Mayor de San Pedro de Santa Cruz.<\/p>\n\n\n\n<p>De acuerdo Sandra Matamoros, Presidenta de la Asociaci\u00f3n, a pesar de que han pasado 18 meses desde que se cumpli\u00f3 ese tr\u00e1mite legislativo, \u201cseguimos pendientes de que el Ministerio de Salud firme ese traspaso para mejorar una estructura ya existente y poder atender de mejor manera a los adultos mayores\u201d.<\/p>\n\n\n\n<p>\u201cNos hemos reunido con varias autoridades para ver si es posible dar por finiquitado este tr\u00e1mite, pero ha resultado imposible. Toda esta larga espera tiene detenidos nuestros planes de trabajo\u201d, lament\u00f3 Matamoros.<\/p>\n\n\n\n<p>La propiedad desafectada tiene un \u00e1rea de 1 926,7 metros cuadrados (M<sup>2<\/sup>) con una estructura de 165 M<sup>2 <\/sup>donde anteriormente funcionaba un Centro de Educaci\u00f3n y Nutrici\u00f3n y de Centro Infantil de Atenci\u00f3n Integral\u00a0(CEN-CINAI) que apenas dur\u00f3 un a\u00f1o abierto.<\/p>\n\n\n\n<p>En la actualidad el Centro Diurno de Atenci\u00f3n al Adulto Mayor de San Pedro de Santa Cruz funciona en la Iglesia de esa comunidad donde recibe a 35 personas del lugar y de otros sitios como Chirc\u00f3 e incluso Nicoya.<\/p>\n\n\n\n<p>\u201cLa idea que tenemos luego de que se aprobara el traspaso ser\u00eda iniciar la b\u00fasqueda de fondos para llevar a cabo una remodelaci\u00f3n completa del lugar que est\u00e1 muy destruido, pero que a\u00fan se puede rescatar la obra gris. No podemos iniciar las gestiones de un posible financiamiento debido a la demora en el proceso de las firmas, ya tenemos m\u00e1s de medio a\u00f1o esperando y nada que avanza el proceso\u201d, relat\u00f3 Matamoros.<\/p>\n\n\n\n<p>La Asociaci\u00f3n para la Persona Adulta Mayor de San Pedro de Santa Cruz se cre\u00f3 el 15 de mayo del 2019. Desde entonces ofrece servicios como alimentaci\u00f3n, apoyo social, cursos de manualidades y otras acciones similares para atender a ese tipo de poblaci\u00f3n.<\/p>\n","protected":false},"excerpt":{"rendered":"<p>La burocracia estatal mantiene entrabado el proceso -aprobado mediante una Ley- de traspaso de una propiedad en San Pedro de Santa Cruz donde se remodelar\u00eda una estructura que albergar\u00e1 el Centro Diurno para Adultos Mayores de esa comunidad. En octubre del 2024 la Asamblea Legislativa aprob\u00f3 el proyecto 24&nbsp;059 de la diputada Melina Ajoy para [&hellip;]<\/p>\n","protected":false},"author":1,"featured_media":2869,"comment_status":"open","ping_status":"open","sticky":false,"template":"","format":"standard","meta":{"footnotes":""},"categories":[7],"tags":[],"class_list":["post-2868","post","type-post","status-publish","format-standard","has-post-thumbnail","hentry","category-comunales"],"_links":{"self":[{"href":"https:\/\/entrecantones.com\/index.php\/wp-json\/wp\/v2\/posts\/2868","targetHints":{"allow":["GET"]}}],"collection":[{"href":"https:\/\/entrecantones.com\/index.php\/wp-json\/wp\/v2\/posts"}],"about":[{"href":"https:\/\/entrecantones.com\/index.php\/wp-json\/wp\/v2\/types\/post"}],"author":[{"embeddable":true,"href":"https:\/\/entrecantones.com\/index.php\/wp-json\/wp\/v2\/users\/1"}],"replies":[{"embeddable":true,"href":"https:\/\/entrecantones.com\/index.php\/wp-json\/wp\/v2\/comments?post=2868"}],"version-history":[{"count":1,"href":"https:\/\/entrecantones.com\/index.php\/wp-json\/wp\/v2\/posts\/2868\/revisions"}],"predecessor-version":[{"id":2870,"href":"https:\/\/entrecantones.com\/index.php\/wp-json\/wp\/v2\/posts\/2868\/revisions\/2870"}],"wp:featuredmedia":[{"embeddable":true,"href":"https:\/\/entrecantones.com\/index.php\/wp-json\/wp\/v2\/media\/2869"}],"wp:attachment":[{"href":"https:\/\/entrecantones.com\/index.php\/wp-json\/wp\/v2\/media?parent=2868"}],"wp:term":[{"taxonomy":"category","embeddable":true,"href":"https:\/\/entrecantones.com\/index.php\/wp-json\/wp\/v2\/categories?post=2868"},{"taxonomy":"post_tag","embeddable":true,"href":"https:\/\/entrecantones.com\/index.php\/wp-json\/wp\/v2\/tags?post=2868"}],"curies":[{"name":"wp","href":"https:\/\/api.w.org\/{rel}","templated":true}]}}