{"id":2871,"date":"2026-03-20T19:12:12","date_gmt":"2026-03-20T19:12:12","guid":{"rendered":"https:\/\/entrecantones.com\/?p=2871"},"modified":"2026-03-20T19:14:49","modified_gmt":"2026-03-20T19:14:49","slug":"burocracia-entraba-proceso-de-traspaso-de-propiedad-en-favor-de-adultos-mayores-2","status":"publish","type":"post","link":"https:\/\/entrecantones.com\/index.php\/2026\/03\/20\/burocracia-entraba-proceso-de-traspaso-de-propiedad-en-favor-de-adultos-mayores-2\/","title":{"rendered":"Conmemoraci\u00f3n de la Batalla de Santa Rosa"},"content":{"rendered":"\n<p><strong>Por Gerardo Z\u00fa\u00f1iga Z\u00fa\u00f1iga*.<\/strong><\/p>\n\n\n\n<p>Hoy, 20 de marzo de 2026, Costa Rica conmemora los 178 a\u00f1os de la Batalla de Santa Rosa, un enfrentamiento b\u00e9lico que defini\u00f3 la identidad nacional y rescat\u00f3 los valores patri\u00f3ticos de la lucha del pa\u00eds por la soberan\u00eda y la justicia social.<\/p>\n\n\n\n<p>La Batalla de Santa Rosa, ocurrida el 20 de marzo de 1856, fue un enfrentamiento militar entre las tropas costarricenses y el ej\u00e9rcito filibustero de William Walker, que buscaba expandir su dominio sobre Centroam\u00e9rica.<\/p>\n\n\n\n<p>La victoria costarricense en Santa Rosa marc\u00f3 un hito crucial en la lucha contra la intervenci\u00f3n extranjera y la defensa de la soberan\u00eda nacional. Imperante y necesario conmemorar que la batalla de Santa Rosa es<\/p>\n\n\n\n<p>Un legado de lucha y resistencia por cuanto es y ser\u00e1 siempre un ejemplo de la lucha de Costa Rica por erradicar la pobreza, la desigualdad y la injusticia. Los h\u00e9roes de Santa Rosa, liderados por el general Jos\u00e9 Joaqu\u00edn Mora Porras, demostraron valent\u00eda y determinaci\u00f3n en la defensa de su patria y sus valores<\/p>\n\n\n\n<p>La Batalla de Santa Rosa es un legado que sigue inspirando a las generaciones actuales a luchar por la justicia, la igualdad y la soberan\u00eda nacional \u00a1Viva Costa Rica!<\/p>\n\n\n\n<p><strong>*Regidor Propietario de Puntarenas. Doctor en Derecho, Polit\u00f3logo, Historiador.<\/strong><\/p>\n","protected":false},"excerpt":{"rendered":"<p>Por Gerardo Z\u00fa\u00f1iga Z\u00fa\u00f1iga*. Hoy, 20 de marzo de 2026, Costa Rica conmemora los 178 a\u00f1os de la Batalla de Santa Rosa, un enfrentamiento b\u00e9lico que defini\u00f3 la identidad nacional y rescat\u00f3 los valores patri\u00f3ticos de la lucha del pa\u00eds por la soberan\u00eda y la justicia social. La Batalla de Santa Rosa, ocurrida el 20 [&hellip;]<\/p>\n","protected":false},"author":1,"featured_media":2872,"comment_status":"open","ping_status":"open","sticky":false,"template":"","format":"standard","meta":{"footnotes":""},"categories":[3],"tags":[],"class_list":["post-2871","post","type-post","status-publish","format-standard","has-post-thumbnail","hentry","category-opinion"],"_links":{"self":[{"href":"https:\/\/entrecantones.com\/index.php\/wp-json\/wp\/v2\/posts\/2871","targetHints":{"allow":["GET"]}}],"collection":[{"href":"https:\/\/entrecantones.com\/index.php\/wp-json\/wp\/v2\/posts"}],"about":[{"href":"https:\/\/entrecantones.com\/index.php\/wp-json\/wp\/v2\/types\/post"}],"author":[{"embeddable":true,"href":"https:\/\/entrecantones.com\/index.php\/wp-json\/wp\/v2\/users\/1"}],"replies":[{"embeddable":true,"href":"https:\/\/entrecantones.com\/index.php\/wp-json\/wp\/v2\/comments?post=2871"}],"version-history":[{"count":3,"href":"https:\/\/entrecantones.com\/index.php\/wp-json\/wp\/v2\/posts\/2871\/revisions"}],"predecessor-version":[{"id":2875,"href":"https:\/\/entrecantones.com\/index.php\/wp-json\/wp\/v2\/posts\/2871\/revisions\/2875"}],"wp:featuredmedia":[{"embeddable":true,"href":"https:\/\/entrecantones.com\/index.php\/wp-json\/wp\/v2\/media\/2872"}],"wp:attachment":[{"href":"https:\/\/entrecantones.com\/index.php\/wp-json\/wp\/v2\/media?parent=2871"}],"wp:term":[{"taxonomy":"category","embeddable":true,"href":"https:\/\/entrecantones.com\/index.php\/wp-json\/wp\/v2\/categories?post=2871"},{"taxonomy":"post_tag","embeddable":true,"href":"https:\/\/entrecantones.com\/index.php\/wp-json\/wp\/v2\/tags?post=2871"}],"curies":[{"name":"wp","href":"https:\/\/api.w.org\/{rel}","templated":true}]}}