{"id":2884,"date":"2026-03-23T23:38:57","date_gmt":"2026-03-23T23:38:57","guid":{"rendered":"https:\/\/entrecantones.com\/?p=2884"},"modified":"2026-03-23T23:40:21","modified_gmt":"2026-03-23T23:40:21","slug":"solicitan-retiro-de-credenciales-de-regidor-puntarenense","status":"publish","type":"post","link":"https:\/\/entrecantones.com\/index.php\/2026\/03\/23\/solicitan-retiro-de-credenciales-de-regidor-puntarenense\/","title":{"rendered":"Solicitan retiro de credenciales de regidor puntarenense"},"content":{"rendered":"\n<p><strong>Por Luis Castrillo Mar\u00edn.<\/strong><\/p>\n\n\n\n<p>El&nbsp;<strong>Tribunal Supremo de Elecciones (TSE)<\/strong>&nbsp;recibi\u00f3 el&nbsp;<strong>23 de marzo (10:54 a.m.)<\/strong>&nbsp;una solicitud para que ese \u00f3rgano proceda a realizar una investigaci\u00f3n que podr\u00eda terminar en el retiro de las credenciales del regidor de&nbsp;<strong>Puntarenas, Mario Rodr\u00edguez,<\/strong>&nbsp;quien representa al&nbsp;<strong>Partido Liberaci\u00f3n Nacional<\/strong>&nbsp;en el seno de ese Concejo Municipal.<\/p>\n\n\n\n<p>Durante el pasado&nbsp;<strong>22 de marzo<\/strong>&nbsp;en una transmisi\u00f3n de&nbsp;<strong><a href=\"https:\/\/www.facebook.com\/reel\/1693595891623237\" target=\"_blank\" rel=\"noreferrer noopener\">v\u00eddeo<\/a>&nbsp;<\/strong>en la red social Facebook realizada por el alcalde de&nbsp;<strong>Montes de Oro, Anthony Fallas<\/strong>, el funcionario indic\u00f3: \u201cSe vino aqu\u00ed a estar con nosotros en vivo,&nbsp;<strong>Mario Rodr\u00edguez.<\/strong>&nbsp;Mario bienvenido, Mario pues es vecino de Montes de Oro, pero es la persona que est\u00e1 a cargo de la Cooperativa\u201d, precis\u00f3 Fallas.<\/p>\n\n\n\n<p>El material audiovisual hac\u00eda referencia al trabajo de una Cooperativa que presta servicio de transporte p\u00fablico entre&nbsp;<strong>Miramar y El Roble de Puntarenas&nbsp;<\/strong>empresa donde&nbsp;<strong>Rodr\u00edguez<\/strong>&nbsp;funge como asesor.<\/p>\n\n\n<div class=\"wp-block-image\">\n<figure class=\"aligncenter size-large\"><img loading=\"lazy\" decoding=\"async\" width=\"791\" height=\"1024\" src=\"https:\/\/entrecantones.com\/wp-content\/uploads\/2026\/03\/TSE-791x1024.jpg\" alt=\"\" class=\"wp-image-2885\" srcset=\"https:\/\/entrecantones.com\/wp-content\/uploads\/2026\/03\/TSE-791x1024.jpg 791w, https:\/\/entrecantones.com\/wp-content\/uploads\/2026\/03\/TSE-232x300.jpg 232w, https:\/\/entrecantones.com\/wp-content\/uploads\/2026\/03\/TSE-768x994.jpg 768w, https:\/\/entrecantones.com\/wp-content\/uploads\/2026\/03\/TSE-1187x1536.jpg 1187w, https:\/\/entrecantones.com\/wp-content\/uploads\/2026\/03\/TSE.jpg 1236w\" sizes=\"auto, (max-width: 791px) 100vw, 791px\" \/><\/figure><\/div>\n\n\n<p class=\"has-text-align-center\">La solicitud se envi\u00f3 mediante un correo electr\u00f3nico al Tribunal Supremo de Elecciones.<br><\/p>\n\n\n\n<p>La petici\u00f3n para que el Tribunal lleve a cabo la pesquisa fue pedida -v\u00eda correo electr\u00f3nico- por la vecina de Puntarenas y exregidora de ese cant\u00f3n (2020-2024),\u00a0<strong>Glenda Garc\u00eda<\/strong>, quien solicit\u00f3 verificar \u201cel cumplimiento del requisito de domicilio\u201d.<\/p>\n\n\n\n<p>Seg\u00fan indica el&nbsp;<strong>art\u00edculo 22 inciso 1 del C\u00f3digo Municipal<\/strong>&nbsp;para ser regidor es necesario \u201chaber establecido su domicilio en la circunscripci\u00f3n cantonal en la que pretende servir, con por lo menos dos a\u00f1os de antelaci\u00f3n a la fecha en la que deba realizarse la votaci\u00f3n correspondiente\u201d.<\/p>\n\n\n\n<p>El&nbsp;<strong>23 de marzo (4:06 p.m.)<\/strong>&nbsp;este medio de comunicaci\u00f3n contact\u00f3 a&nbsp;<strong>Rodr\u00edguez<\/strong>&nbsp;-mediante un mensaje de Whattsapp- para conocer su versi\u00f3n; no obstante, al momento de publicar esta informaci\u00f3n (<strong>5:32 p.m<\/strong>.) a\u00fan estaba pendiente la respuesta. A esa misma hora se llam\u00f3 al regidor liberacionista, pero nunca respondi\u00f3.<\/p>\n","protected":false},"excerpt":{"rendered":"<p>Por Luis Castrillo Mar\u00edn. El&nbsp;Tribunal Supremo de Elecciones (TSE)&nbsp;recibi\u00f3 el&nbsp;23 de marzo (10:54 a.m.)&nbsp;una solicitud para que ese \u00f3rgano proceda a realizar una investigaci\u00f3n que podr\u00eda terminar en el retiro de las credenciales del regidor de&nbsp;Puntarenas, Mario Rodr\u00edguez,&nbsp;quien representa al&nbsp;Partido Liberaci\u00f3n Nacional&nbsp;en el seno de ese Concejo Municipal. Durante el pasado&nbsp;22 de marzo&nbsp;en una transmisi\u00f3n [&hellip;]<\/p>\n","protected":false},"author":1,"featured_media":2886,"comment_status":"open","ping_status":"open","sticky":false,"template":"","format":"standard","meta":{"footnotes":""},"categories":[7],"tags":[],"class_list":["post-2884","post","type-post","status-publish","format-standard","has-post-thumbnail","hentry","category-comunales"],"_links":{"self":[{"href":"https:\/\/entrecantones.com\/index.php\/wp-json\/wp\/v2\/posts\/2884","targetHints":{"allow":["GET"]}}],"collection":[{"href":"https:\/\/entrecantones.com\/index.php\/wp-json\/wp\/v2\/posts"}],"about":[{"href":"https:\/\/entrecantones.com\/index.php\/wp-json\/wp\/v2\/types\/post"}],"author":[{"embeddable":true,"href":"https:\/\/entrecantones.com\/index.php\/wp-json\/wp\/v2\/users\/1"}],"replies":[{"embeddable":true,"href":"https:\/\/entrecantones.com\/index.php\/wp-json\/wp\/v2\/comments?post=2884"}],"version-history":[{"count":2,"href":"https:\/\/entrecantones.com\/index.php\/wp-json\/wp\/v2\/posts\/2884\/revisions"}],"predecessor-version":[{"id":2888,"href":"https:\/\/entrecantones.com\/index.php\/wp-json\/wp\/v2\/posts\/2884\/revisions\/2888"}],"wp:featuredmedia":[{"embeddable":true,"href":"https:\/\/entrecantones.com\/index.php\/wp-json\/wp\/v2\/media\/2886"}],"wp:attachment":[{"href":"https:\/\/entrecantones.com\/index.php\/wp-json\/wp\/v2\/media?parent=2884"}],"wp:term":[{"taxonomy":"category","embeddable":true,"href":"https:\/\/entrecantones.com\/index.php\/wp-json\/wp\/v2\/categories?post=2884"},{"taxonomy":"post_tag","embeddable":true,"href":"https:\/\/entrecantones.com\/index.php\/wp-json\/wp\/v2\/tags?post=2884"}],"curies":[{"name":"wp","href":"https:\/\/api.w.org\/{rel}","templated":true}]}}