{"id":2940,"date":"2026-04-07T22:53:25","date_gmt":"2026-04-07T22:53:25","guid":{"rendered":"https:\/\/entrecantones.com\/?p=2940"},"modified":"2026-04-07T23:44:10","modified_gmt":"2026-04-07T23:44:10","slug":"festival-del-oceano-incluira-evento-de-ciclismo-de-montana","status":"publish","type":"post","link":"https:\/\/entrecantones.com\/index.php\/2026\/04\/07\/festival-del-oceano-incluira-evento-de-ciclismo-de-montana\/","title":{"rendered":"Festival del Oc\u00e9ano incluir\u00e1 evento de ciclismo de monta\u00f1a \u00a0"},"content":{"rendered":"\n<p>La <strong>edici\u00f3n<\/strong> <strong>2026<\/strong> del <a href=\"https:\/\/www.instagram.com\/festivaloceanolc?igsh=MTBtbXdpZDQxa2lpcA%3D%3D\"><strong>Festival del Oc\u00e9ano<\/strong><\/a> que se llevar\u00e1 a cabo en el cant\u00f3n de <strong>La Cruz, Guanacaste,<\/strong> incluir\u00e1 la prueba de ciclismo de monta\u00f1a <strong><em>\u201cCleteando por el Oc\u00e9ano\u201d<\/em><\/strong> que recorrer\u00e1 los principales sitios tur\u00edsticos en esa zona de la citada provincia<strong>.<\/strong><\/p>\n\n\n\n<p>Esa actividad deportiva est\u00e1 programada para el <strong>14 de junio con salida a las 8 a.m. de Playa Junquillal y llegada a ese mismo lugar, recorrido que contempla dos trayectos de 40 kil\u00f3metros y 21 km.<\/strong><\/p>\n\n\n\n<p>Los interesados en formar parte de la ruta \u00ab<strong><em>Cleteando por el Oc\u00e9ano\u201d<\/em><\/strong> pueden conocer los detalles del registro llamando al <strong>tel\u00e9fono 88485453.<\/strong><\/p>\n\n\n\n<p>De acuerdo con <strong>Wilber Mart\u00ednez<\/strong>, <strong>Gerente de Ciclo Aro,<\/strong> el recorrido est\u00e1 dise\u00f1ad0 para que la caravana pueda conocer los sitios m\u00e1s bellos del cant\u00f3n de La Cruz donde se encuentran playas de gran atractivo esc\u00e9nico como <strong>Rajada, Rajadita, Cuajiniquil y Bah\u00eda de Santa Elena.<\/strong><\/p>\n\n\n\n<p>\u201cQuienes participen en este evento podr\u00e1n conocer lugares espectaculares con unos paisajes naturales que parecen sacados de una postal. Hemos cuidado todos los detalles de la carrera para que sea un espacio muy familiar donde se pueda disfrutar con total seguridad\u201d, destac\u00f3 el <strong>Gerente de Ciclo Aro, quien se desempe\u00f1a como organizador de eventos deportivos.<\/strong><\/p>\n\n\n\n<p>La organizaci\u00f3n de la actividad <strong><em>\u201cCleteando por el Oc\u00e9ano\u201d<\/em><\/strong> se incluy\u00f3 en el marco del <strong>Festival del Oc\u00e9ano <\/strong>con el objetivo de unir la pr\u00e1ctica del deporte junto con\u00a0el desarrollo de otros eventos educativos, culturales y art\u00edsticos, destinados a resaltar la preservaci\u00f3n y el uso sostenible de los recursos marinos.<\/p>\n\n\n\n<p>\u201cPensamos en brindar esta opci\u00f3n deportiva para acercar a m\u00e1s gente al oc\u00e9ano, resaltando su importancia y la conexi\u00f3n que existe con una gran actividad que se realiza en el cant\u00f3n. Adem\u00e1s, la carrera busca crear espacios para que m\u00e1s personas se acerquen y conozcan este cant\u00f3n tan diverso y especial que tiene Guanacaste\u201d, afirm\u00f3 Mart\u00ednez.<\/p>\n\n\n\n<p><strong><u>G\u00e9nesis del Festival<\/u><\/strong><\/p>\n\n\n\n<p><strong>Mario Espinoza, quien forma parte del Comit\u00e9 de Coordinaci\u00f3n del Festival del Oc\u00e9ano,<\/strong> destac\u00f3 que la primera versi\u00f3n del evento se llev\u00f3 a cabo en el 2023 cuando la <strong>Universidad de Costa Rica (UCR)<\/strong> ya sumaba varios a\u00f1os de realizar diversas investigaciones marinas en el cant\u00f3n de <strong>La Cruz.<\/strong><\/p>\n\n\n\n<p>\u201cDesde un inicio y a lo largo de todo este tiempo se han ido sumando una gran cantidad de instituciones y organizaciones locales con el fin de resaltar la importancia del oc\u00e9ano y de los recursos marinos para la econom\u00eda local y la necesidad de emprender acciones con fines de protecci\u00f3n\u201d, explic\u00f3 el profesor de la <strong>Escuela de Biolog\u00eda de la UCR y especialista del Centro de Investigaci\u00f3n en Ciencias del Mar y Limnolog\u00eda (CIMAR).<\/strong><\/p>\n\n\n\n<p>El programa completo del Festival se llevar\u00e1 a cabo del\u00a0<strong>10 al 14 de junio. El 10 de junio<\/strong>\u00a0est\u00e1 programado un evento de inauguraci\u00f3n a las\u00a0<strong>5 p.m. en el hotel Hacienda Casa del Viento en Cuajiniquil<\/strong>\u00a0donde se reunir\u00e1n \u00fanicamente los organizadores e invitados especiales.<\/p>\n\n\n\n<p>\u201cPara nosotros este es un espacio que celebra el oc\u00e9ano, acerc\u00e1ndonos y compartiendo con las comunidades del cant\u00f3n de La Cruz la importancia de nuestras costas, las oportunidades que nos brindan y la necesidad de promover acciones que aseguren la sostenibilidad de los recursos y ambientes marinos\u201d, destac\u00f3 el docente de la <strong>UCR.<\/strong><\/p>\n\n\n\n<p>El <strong>Festival del Oc\u00e9ano<\/strong> tiene el apoyo de la <strong>UCR, CIMAR, el colectivo de Ciencia Ciudadana Marina Santa Elena (CCMAR), \u00c1rea de Conservaci\u00f3n Guanacaste (ACG), la Municipalidad de La Cruz, la C\u00e1mara de Empresarios Tur\u00edsticos de La Cruz (CETUR), Ciclo Aro, Ciclo Bike J &amp; B y Equipo Tora Carey (ETC).<\/strong><\/p>\n\n\n\n<p>Quienes deseen conocer m\u00e1s detalles del <strong>Festival del Oc\u00e9ano<\/strong> pueden llamar <strong>al tel. 85935546.<\/strong><\/p>\n","protected":false},"excerpt":{"rendered":"<p>La edici\u00f3n 2026 del Festival del Oc\u00e9ano que se llevar\u00e1 a cabo en el cant\u00f3n de La Cruz, Guanacaste, incluir\u00e1 la prueba de ciclismo de monta\u00f1a \u201cCleteando por el Oc\u00e9ano\u201d que recorrer\u00e1 los principales sitios tur\u00edsticos en esa zona de la citada provincia. Esa actividad deportiva est\u00e1 programada para el 14 de junio con salida [&hellip;]<\/p>\n","protected":false},"author":1,"featured_media":2941,"comment_status":"open","ping_status":"open","sticky":false,"template":"","format":"standard","meta":{"footnotes":""},"categories":[6],"tags":[],"class_list":["post-2940","post","type-post","status-publish","format-standard","has-post-thumbnail","hentry","category-deportes"],"_links":{"self":[{"href":"https:\/\/entrecantones.com\/index.php\/wp-json\/wp\/v2\/posts\/2940","targetHints":{"allow":["GET"]}}],"collection":[{"href":"https:\/\/entrecantones.com\/index.php\/wp-json\/wp\/v2\/posts"}],"about":[{"href":"https:\/\/entrecantones.com\/index.php\/wp-json\/wp\/v2\/types\/post"}],"author":[{"embeddable":true,"href":"https:\/\/entrecantones.com\/index.php\/wp-json\/wp\/v2\/users\/1"}],"replies":[{"embeddable":true,"href":"https:\/\/entrecantones.com\/index.php\/wp-json\/wp\/v2\/comments?post=2940"}],"version-history":[{"count":4,"href":"https:\/\/entrecantones.com\/index.php\/wp-json\/wp\/v2\/posts\/2940\/revisions"}],"predecessor-version":[{"id":2947,"href":"https:\/\/entrecantones.com\/index.php\/wp-json\/wp\/v2\/posts\/2940\/revisions\/2947"}],"wp:featuredmedia":[{"embeddable":true,"href":"https:\/\/entrecantones.com\/index.php\/wp-json\/wp\/v2\/media\/2941"}],"wp:attachment":[{"href":"https:\/\/entrecantones.com\/index.php\/wp-json\/wp\/v2\/media?parent=2940"}],"wp:term":[{"taxonomy":"category","embeddable":true,"href":"https:\/\/entrecantones.com\/index.php\/wp-json\/wp\/v2\/categories?post=2940"},{"taxonomy":"post_tag","embeddable":true,"href":"https:\/\/entrecantones.com\/index.php\/wp-json\/wp\/v2\/tags?post=2940"}],"curies":[{"name":"wp","href":"https:\/\/api.w.org\/{rel}","templated":true}]}}