{"id":2952,"date":"2026-04-08T16:08:44","date_gmt":"2026-04-08T16:08:44","guid":{"rendered":"https:\/\/entrecantones.com\/?p=2952"},"modified":"2026-04-08T16:08:44","modified_gmt":"2026-04-08T16:08:44","slug":"regidor-vaticino-crisis-en-hospital-de-puntarenas","status":"publish","type":"post","link":"https:\/\/entrecantones.com\/index.php\/2026\/04\/08\/regidor-vaticino-crisis-en-hospital-de-puntarenas\/","title":{"rendered":"Regidor vaticin\u00f3 crisis en hospital de Puntarenas"},"content":{"rendered":"\n<p>La actual crisis que atraviesa la c\u00fapula de <strong>hospital Monse\u00f1or Sanabria de Puntarenas<\/strong> hab\u00eda sido puesta en conocimiento de la <strong>Caja Costarricense del Seguro Social (CCSS) <\/strong>en noviembre del a\u00f1o pasado en un oficio enviado a esa entidad por el Regidor de ese cant\u00f3n, <strong>Gerardo Z\u00fa\u00f1iga.<\/strong><\/p>\n\n\n\n<p>El <strong>7 de abril la CCSS <\/strong>decidi\u00f3 separar del cargo durante dos meses al director del <strong>hospital, R\u00e1ndall Alvarez, <\/strong>para iniciar un proceso de investigaci\u00f3n. La medida incluso a los funcionarios <strong>Josefa Herrera (jefa de enfermer\u00eda), Alexis Vargas (director administrativo), Eimy Lamas (jefa de recursos humanos) y Cindy Molina (jefatura de nutrici\u00f3n).<\/strong><\/p>\n\n\n<div class=\"wp-block-image\">\n<figure class=\"aligncenter size-full is-resized\"><img loading=\"lazy\" decoding=\"async\" width=\"528\" height=\"625\" src=\"https:\/\/entrecantones.com\/wp-content\/uploads\/2026\/04\/carta-1.png\" alt=\"\" class=\"wp-image-2953\" style=\"width:566px;height:auto\" srcset=\"https:\/\/entrecantones.com\/wp-content\/uploads\/2026\/04\/carta-1.png 528w, https:\/\/entrecantones.com\/wp-content\/uploads\/2026\/04\/carta-1-253x300.png 253w\" sizes=\"auto, (max-width: 528px) 100vw, 528px\" \/><\/figure><\/div>\n\n<div class=\"wp-block-image\">\n<figure class=\"aligncenter size-full\"><img loading=\"lazy\" decoding=\"async\" width=\"570\" height=\"610\" src=\"https:\/\/entrecantones.com\/wp-content\/uploads\/2026\/04\/carta-2.jpg\" alt=\"\" class=\"wp-image-2954\" srcset=\"https:\/\/entrecantones.com\/wp-content\/uploads\/2026\/04\/carta-2.jpg 570w, https:\/\/entrecantones.com\/wp-content\/uploads\/2026\/04\/carta-2-280x300.jpg 280w\" sizes=\"auto, (max-width: 570px) 100vw, 570px\" \/><figcaption class=\"wp-element-caption\">En noviembre pasado las fallas en la gesti\u00f3n del hospital fueron puestas en conocimiento de la CCSS por parte del regidor de Puntarenas, Gerardo Z\u00fa\u00f1iga.<\/figcaption><\/figure><\/div>\n\n\n<p>Durante el <strong>27 de noviembre pasado<\/strong> en una nota formal enviada a la P<strong>residencia Ejecutiva de la CCSS, Z\u00fa\u00f1iga <\/strong>indic\u00f3 que \u201clos principales problemas que con mucha frecuencia se\u00f1alan la gran mayor\u00eda de los usuarios y de los cuales me informan por medio de consultas, llamadas telef\u00f3nicas, mensajes y visitas personales a mi Oficina son los siguientes\u00bb: <\/p>\n\n\n\n<p><strong>Maltrato a los pacientes:<\/strong> Se han reportado casos de maltrato a los pacientes, lo que es inaceptable y debe ser investigado y sancionado\u201d:<\/p>\n\n\n\n<p><strong>Manejo desordenado:<\/strong> El hospital presenta un ambiente de desorden y caos, con pacientes y familiares esperando en corredores y \u00e1reas de espera.<\/p>\n\n\n\n<p><strong>Hipertrofia administrativa:<\/strong> Se ha observado un exceso de burocracia y tr\u00e1mites innecesarios que dificultan la atenci\u00f3n a los pacientes.<\/p>\n\n\n\n<p><strong>Desorganizaci\u00f3n:<\/strong> La falta de organizaci\u00f3n y planificaci\u00f3n ha llevado a problemas de suministros, equipos y personal.<\/p>\n\n\n\n<p><strong>Mala atenci\u00f3n:<\/strong> Pacientes y familiares han reportado largas esperas, falta de atenci\u00f3n m\u00e9dica oportuna y trato descort\u00e9s por parte del personal.<\/p>\n\n\n\n<p><strong>Falta de autoridad:<\/strong> La ausencia de liderazgo y supervisi\u00f3n efectiva ha contribuido a la situaci\u00f3n actual.<\/p>\n\n\n\n<p><strong><u>Problemas graves<\/u><\/strong><\/p>\n\n\n\n<p><strong>Z\u00fa\u00f1iga<\/strong> indic\u00f3 que en los \u00faltimos meses ha recibido quejas verbales de asegurados de Puntarenas quienes se quejan por la calidad del servicio en el hospital.<\/p>\n\n\n\n<p>\u201cQuise levantar la voz para ser un canal entre la ciudadan\u00eda y las autoridades porque realmente eran muy penosas las denuncias que se ven\u00edan presentando en ese hospital, a eso hay que sumarle la reciente denuncia en redes sociales de una doctora sobre tr\u00e1fico de influencias y biombos, ella fue muy valiente en denunciar. Luego el 24 de marzo hubo un paro de labores por el recorte de 32 plazas. Lamento mucho esta situaci\u00f3n, pero la verdad es que no se puede dejar pasar estos hechos en defensa del inter\u00e9s colectivo\u201d, destac\u00f3 <strong>Z\u00fa\u00f1iga.<\/strong><\/p>\n\n\n\n<p>En lugar de <strong>Alvarez l<\/strong>a direcci\u00f3n del hospital fue asumida de manera interina por el m\u00e9dico,<strong> David Fernando D\u00edaz.<\/strong><\/p>\n","protected":false},"excerpt":{"rendered":"<p>La actual crisis que atraviesa la c\u00fapula de hospital Monse\u00f1or Sanabria de Puntarenas hab\u00eda sido puesta en conocimiento de la Caja Costarricense del Seguro Social (CCSS) en noviembre del a\u00f1o pasado en un oficio enviado a esa entidad por el Regidor de ese cant\u00f3n, Gerardo Z\u00fa\u00f1iga. El 7 de abril la CCSS decidi\u00f3 separar del [&hellip;]<\/p>\n","protected":false},"author":1,"featured_media":2958,"comment_status":"open","ping_status":"open","sticky":false,"template":"","format":"standard","meta":{"footnotes":""},"categories":[2],"tags":[],"class_list":["post-2952","post","type-post","status-publish","format-standard","has-post-thumbnail","hentry","category-actualidad"],"_links":{"self":[{"href":"https:\/\/entrecantones.com\/index.php\/wp-json\/wp\/v2\/posts\/2952","targetHints":{"allow":["GET"]}}],"collection":[{"href":"https:\/\/entrecantones.com\/index.php\/wp-json\/wp\/v2\/posts"}],"about":[{"href":"https:\/\/entrecantones.com\/index.php\/wp-json\/wp\/v2\/types\/post"}],"author":[{"embeddable":true,"href":"https:\/\/entrecantones.com\/index.php\/wp-json\/wp\/v2\/users\/1"}],"replies":[{"embeddable":true,"href":"https:\/\/entrecantones.com\/index.php\/wp-json\/wp\/v2\/comments?post=2952"}],"version-history":[{"count":1,"href":"https:\/\/entrecantones.com\/index.php\/wp-json\/wp\/v2\/posts\/2952\/revisions"}],"predecessor-version":[{"id":2959,"href":"https:\/\/entrecantones.com\/index.php\/wp-json\/wp\/v2\/posts\/2952\/revisions\/2959"}],"wp:featuredmedia":[{"embeddable":true,"href":"https:\/\/entrecantones.com\/index.php\/wp-json\/wp\/v2\/media\/2958"}],"wp:attachment":[{"href":"https:\/\/entrecantones.com\/index.php\/wp-json\/wp\/v2\/media?parent=2952"}],"wp:term":[{"taxonomy":"category","embeddable":true,"href":"https:\/\/entrecantones.com\/index.php\/wp-json\/wp\/v2\/categories?post=2952"},{"taxonomy":"post_tag","embeddable":true,"href":"https:\/\/entrecantones.com\/index.php\/wp-json\/wp\/v2\/tags?post=2952"}],"curies":[{"name":"wp","href":"https:\/\/api.w.org\/{rel}","templated":true}]}}