{"id":3062,"date":"2026-04-26T15:43:01","date_gmt":"2026-04-26T15:43:01","guid":{"rendered":"https:\/\/entrecantones.com\/?p=3062"},"modified":"2026-04-26T15:43:01","modified_gmt":"2026-04-26T15:43:01","slug":"federacion-de-surf-tribunal-constitucional-anula-expulsion-de-organizacion-deportiva","status":"publish","type":"post","link":"https:\/\/entrecantones.com\/index.php\/2026\/04\/26\/federacion-de-surf-tribunal-constitucional-anula-expulsion-de-organizacion-deportiva\/","title":{"rendered":"Federaci\u00f3n de Surf: Tribunal Constitucional anula expulsi\u00f3n de organizaci\u00f3n deportiva"},"content":{"rendered":"\n<p><em>Veredicto obliga al pago de costas; adem\u00e1s, de da\u00f1os y perjuicios<\/em>.<\/p>\n\n\n\n<p>Un veredicto un\u00e1nime de los siete magistrados de la <strong>Sala Constitucional<\/strong> anul\u00f3 por completo la expulsi\u00f3n de la <strong>Asociaci\u00f3n de Stand Up Paddle (ASUP) de la Federaci\u00f3n de Surf de Costa Rica (FSCR) <\/strong>y: adem\u00e1s, oblig\u00f3 a esta \u00faltima organizaci\u00f3n al pago de las costas procesales junto con los da\u00f1os y perjuicios.<\/p>\n\n\n\n<p>En la resoluci\u00f3n <strong>N\u00ba 2026013371<\/strong> (expediente <strong>26-005634-0007-CO<\/strong>) de las <strong>9:20 a.m.<\/strong> del pasado <strong>21 de abril<\/strong> los jueces <strong>Fernando Castillo, Fernando Cruz, Paul Rueda, Luis Fernando Salazar, Jorge Araya, Amari Garro e Ingrid Hess<\/strong> determinaron que la <strong>FSCR<\/strong> viol\u00f3 los derechos de <strong>ASUP<\/strong> como libertad de asociaci\u00f3n, leg\u00edtima defensa y el debido proceso, entre otras irregularidades.<\/p>\n\n\n\n<p>Durante una asamblea general realizada el pasado <strong>20 de enero<\/strong> en el <strong>Estadio Nacional<\/strong> la <strong>FSCR <\/strong>tom\u00f3 la decisi\u00f3n de expulsar a <strong>ASUP <\/strong>sin que durante ese d\u00eda se le diera la oportunidad al <strong>presidente, C\u00e9sar Pereda<\/strong>, de recibir la asesor\u00eda legal de un abogado; adem\u00e1s, tampoco se inform\u00f3 de previ\u00f3 cu\u00e1les eran los hechos que se estaban endilgando para imponer el castigo y tampoco una vez tomada esa decisi\u00f3n se le entreg\u00f3 una nota oficial indic\u00e1ndole las razones de la medida para que luego pudiera interponer una apelaci\u00f3n.<\/p>\n\n\n\n<p>Los magistrados dieron por certificado que el presidente de la <strong>FSCR, Roberto Vargas,<\/strong> nunca contest\u00f3 el recurso de amparo porque seg\u00fan indican \u201cmediante constancia suscrita el 1\u00b0 de abril de 2026 por el secretario de la Sala y el T\u00e9cnico Judicial a cargo, se hizo saber que no aparece que el presidente de la Federaci\u00f3n de Surf de Costa Rica, haya presentado escrito o documento alguno a fin contestar la audiencia conferida en este asunto\u201d.<\/p>\n\n\n\n<p>El \u201cpor tanto\u201d del fallo indica que \u201cse declara con lugar el recurso. Se anula el procedimiento iniciado en contra de la parte tutelada <strong>(ASUP)<\/strong> mediante correo de <strong>27 de octubre de 2025<\/strong> por parte de la <strong>Federaci\u00f3n de Surf de Costa Rica<\/strong> y todos los actos subsiguientes que se hayan dictado. Se le ordena al <strong>presidente de la Federaci\u00f3n de Surf de Costa Rica<\/strong>, abstenerse de volver a cometer los hechos que dieron m\u00e9rito a la estimatoria de este recurso\u201d.<\/p>\n\n\n<div class=\"wp-block-image\">\n<figure class=\"aligncenter size-large\"><img loading=\"lazy\" decoding=\"async\" width=\"796\" height=\"1024\" src=\"https:\/\/entrecantones.com\/wp-content\/uploads\/2026\/04\/fallo-796x1024.jpeg\" alt=\"\" class=\"wp-image-3063\" srcset=\"https:\/\/entrecantones.com\/wp-content\/uploads\/2026\/04\/fallo-796x1024.jpeg 796w, https:\/\/entrecantones.com\/wp-content\/uploads\/2026\/04\/fallo-233x300.jpeg 233w, https:\/\/entrecantones.com\/wp-content\/uploads\/2026\/04\/fallo-768x988.jpeg 768w, https:\/\/entrecantones.com\/wp-content\/uploads\/2026\/04\/fallo.jpeg 1080w\" sizes=\"auto, (max-width: 796px) 100vw, 796px\" \/><figcaption class=\"wp-element-caption\">El fallo de la Sala Constitucional anul\u00f3 la expulsi\u00f3n de ASUP y; adem\u00e1s, obliga a la FSCR al pago de costas procesales, da\u00f1os y perjuicios.<\/figcaption><\/figure><\/div>\n\n\n<p><strong><u>Reprimenda legal<\/u><\/strong><\/p>\n\n\n\n<p>El <strong>presidente de ASUP<\/strong> expres\u00f3 que lo indicado por los altos jueces \u201cdeja en claro que nuestra expulsi\u00f3n fue un absoluto atropello a los derechos constitucionales porque fue un proceso sin derecho a defensa. Por dicha, a\u00fan vivimos en un Estado de Derecho donde la gente no puede hacer lo que le d\u00e9 la gana porque existen normas b\u00e1sicas que se deben respetar. De inmediato empezaremos las gestiones para que se cumpla lo ordenado por la Sala y que volvamos a la Federaci\u00f3n\u201d.<\/p>\n\n\n\n<p>Por su parte, el abogado de <strong>ASUP, Karl Villalobos Hoffmann,<\/strong> a\u00f1adi\u00f3 que la posici\u00f3n de la Sala es \u201cuna gran victoria en contra de la arbitrariedad en el seno del deporte, una situaci\u00f3n de este tipo viene a sentar un precedente jur\u00eddico que es v\u00e1lido para otras disciplinas\u201d.<\/p>\n\n\n\n<p>\u201cEn adelante solamente resta saber cu\u00e1ndo se reinstalar\u00e1 a <strong>ASUP<\/strong> en la <strong>FSCR<\/strong> que esperamos acate al pie de la letra lo ordenado en el fallo de la Sala Constitucional sin tener que acudir a la v\u00eda penal para hacer valer los derechos de mi cliente\u201d, se\u00f1al\u00f3 <strong>Villalobos Hoffmann.<\/strong><\/p>\n\n\n\n<p>Adem\u00e1s de anular la expulsi\u00f3n de <strong>ASUP<\/strong> los magistrados del <strong>Tribunal Constitucional<\/strong> condenaron a la <strong>FSCR <\/strong>al pago de las costas procesales, da\u00f1os y perjuicios dineros que ser\u00e1n cobrados en ejecuci\u00f3n de sentencia.<\/p>\n","protected":false},"excerpt":{"rendered":"<p>Veredicto obliga al pago de costas; adem\u00e1s, de da\u00f1os y perjuicios. Un veredicto un\u00e1nime de los siete magistrados de la Sala Constitucional anul\u00f3 por completo la expulsi\u00f3n de la Asociaci\u00f3n de Stand Up Paddle (ASUP) de la Federaci\u00f3n de Surf de Costa Rica (FSCR) y: adem\u00e1s, oblig\u00f3 a esta \u00faltima organizaci\u00f3n al pago de las [&hellip;]<\/p>\n","protected":false},"author":1,"featured_media":3064,"comment_status":"open","ping_status":"open","sticky":false,"template":"","format":"standard","meta":{"footnotes":""},"categories":[6],"tags":[],"class_list":["post-3062","post","type-post","status-publish","format-standard","has-post-thumbnail","hentry","category-deportes"],"_links":{"self":[{"href":"https:\/\/entrecantones.com\/index.php\/wp-json\/wp\/v2\/posts\/3062","targetHints":{"allow":["GET"]}}],"collection":[{"href":"https:\/\/entrecantones.com\/index.php\/wp-json\/wp\/v2\/posts"}],"about":[{"href":"https:\/\/entrecantones.com\/index.php\/wp-json\/wp\/v2\/types\/post"}],"author":[{"embeddable":true,"href":"https:\/\/entrecantones.com\/index.php\/wp-json\/wp\/v2\/users\/1"}],"replies":[{"embeddable":true,"href":"https:\/\/entrecantones.com\/index.php\/wp-json\/wp\/v2\/comments?post=3062"}],"version-history":[{"count":1,"href":"https:\/\/entrecantones.com\/index.php\/wp-json\/wp\/v2\/posts\/3062\/revisions"}],"predecessor-version":[{"id":3065,"href":"https:\/\/entrecantones.com\/index.php\/wp-json\/wp\/v2\/posts\/3062\/revisions\/3065"}],"wp:featuredmedia":[{"embeddable":true,"href":"https:\/\/entrecantones.com\/index.php\/wp-json\/wp\/v2\/media\/3064"}],"wp:attachment":[{"href":"https:\/\/entrecantones.com\/index.php\/wp-json\/wp\/v2\/media?parent=3062"}],"wp:term":[{"taxonomy":"category","embeddable":true,"href":"https:\/\/entrecantones.com\/index.php\/wp-json\/wp\/v2\/categories?post=3062"},{"taxonomy":"post_tag","embeddable":true,"href":"https:\/\/entrecantones.com\/index.php\/wp-json\/wp\/v2\/tags?post=3062"}],"curies":[{"name":"wp","href":"https:\/\/api.w.org\/{rel}","templated":true}]}}