{"id":3826,"date":"2026-08-31T22:11:20","date_gmt":"2026-08-31T22:11:20","guid":{"rendered":"https:\/\/entrecantones.com\/?p=3826"},"modified":"2026-08-31T22:11:20","modified_gmt":"2026-08-31T22:11:20","slug":"panameno-es-el-primer-centroamericano-que-gana-una-temporada-pro-junior-de-la-liga-mundial-de-surf","status":"publish","type":"post","link":"https:\/\/entrecantones.com\/index.php\/2026\/08\/31\/panameno-es-el-primer-centroamericano-que-gana-una-temporada-pro-junior-de-la-liga-mundial-de-surf\/","title":{"rendered":"Paname\u00f1o es el primer centroamericano que gana una temporada Pro Junior de la Liga Mundial de Surf"},"content":{"rendered":"\n<p class=\"wp-block-paragraph\"><em>Teo Grani sube al primer lugar del ranquin y; adem\u00e1s, se clasifica para el Mundial de noviembre en El Salvador<\/em>.<\/p>\n\n\n\n<p class=\"wp-block-paragraph\">El paname\u00f1o nacido en <strong>Bocas del Toro, Teo Grani,<\/strong> entr\u00f3 en la historia del deporte como el <strong>primer centroamericano<\/strong> que gana una temporada en la categor\u00eda <strong><em>junior<\/em><\/strong> de <a href=\"https:\/\/www.worldsurfleague.com\/posts\/559484\/atlantic-park-surf-pro-junior-set-to-determine-north-america-world-junior-championships-qualifiers\">Norteam\u00e9rica en la Serie de Calificaci\u00f3n de la Liga Mundial de Surf<\/a> (QS-WSL, siglas en ingl\u00e9s) luego de que alcanzara el triunfo en el torneo final en <strong>Atlantic Park, Virgina Beach, Estados Unidos (EE. UU).<\/strong><\/p>\n\n\n\n<p class=\"wp-block-paragraph\">La victoria en <strong>EE. UU.<\/strong> permiti\u00f3 que <strong>Grani <\/strong>subiera al primer lugar del <em>ranquin <\/em>general de <strong>Norteam\u00e9rica<\/strong> de la temporada con un total de <strong>2&nbsp;000 puntos <\/strong>cifra que; adem\u00e1s, le permiti\u00f3 avanzar al <strong>Mundial Pro <em>Junior<\/em><\/strong>que se llevar\u00e1 a cabo en <strong>El Salvador<\/strong> durante <strong>noviembre pr\u00f3ximo.<\/strong><\/p>\n\n\n\n<p class=\"wp-block-paragraph\">Durante las dos \u00faltimas presentaciones el paname\u00f1o sum\u00f3 <strong>1&nbsp;000 puntos<\/strong> en cada fecha como indica el siguiente escalaf\u00f3n de la <strong>QS-WSL:<\/strong><\/p>\n\n\n<div class=\"wp-block-image\">\n<figure class=\"aligncenter size-full\"><img loading=\"lazy\" decoding=\"async\" width=\"569\" height=\"177\" src=\"https:\/\/entrecantones.com\/wp-content\/uploads\/2026\/08\/Imagen1.png\" alt=\"\" class=\"wp-image-3827\" srcset=\"https:\/\/entrecantones.com\/wp-content\/uploads\/2026\/08\/Imagen1.png 569w, https:\/\/entrecantones.com\/wp-content\/uploads\/2026\/08\/Imagen1-300x93.png 300w\" sizes=\"auto, (max-width: 569px) 100vw, 569px\" \/><\/figure>\n<\/div>\n\n\n<p class=\"wp-block-paragraph\">Para <strong>Grani <\/strong>la \u201chist\u00f3rica del surf paname\u00f1o en la categor\u00eda junior de la <strong>Liga Mundial de Surf<\/strong> es una muestra muy clara de que el pa\u00eds est\u00e1 dando grandes pasos en este deporte gracias al trabajo de muchas personas que han dedicado mucho tiempo y esfuerzo para lograr esta meta\u201d.<\/p>\n\n\n\n<p class=\"wp-block-paragraph\">\u201cLograr este objetivo es una gran alegr\u00eda personal, pero m\u00e1s all\u00e1 de eso terminada de ratificar que en Panam\u00e1 hay mucho talento para la pr\u00e1ctica del surf en el nivel competitivo. Estoy seguro de que en el futuro vendr\u00e1n m\u00e1s victorias como estas\u201d afirm\u00f3 <strong>Grani.<\/strong><\/p>\n\n\n\n<p class=\"wp-block-paragraph\">El deportista a\u00f1adi\u00f3 que en las pr\u00f3ximas semanas iniciar\u00e1 un proceso de preparaci\u00f3n \u201cmuy fuerte\u201d para competir en el <strong>Mundial Pro <em>Junior<\/em><\/strong> en <strong>El Salvador<\/strong> donde llegar\u00e1n \u201crivales de peso mundial\u201d.<\/p>\n\n\n\n<p class=\"wp-block-paragraph\">\u201cSe trata de un escenario donde uno debe ser con el m\u00e1ximo nivel si quiere destacar porque llegar\u00e1n los mejores exponentes de cada pa\u00eds; por eso, el trabajo anterior al evento es fundamental. Tambi\u00e9n voy a estar en otra fecha open de la WSL en Carolina del Norte, eso me permitir\u00e1 llegar al Mundial con un buen ritmo de competencia luego de estar en el evento de Virginia Beach y otra anterior que se hizo en Costa Rica\u201d, expres\u00f3 el <strong>paname\u00f1o de 20 a\u00f1os.<\/strong><\/p>\n\n\n\n<p class=\"wp-block-paragraph\"><strong><u>Grandes avances<\/u><\/strong><\/p>\n\n\n\n<p class=\"wp-block-paragraph\"><strong>Diego Naranjo,<\/strong> entrenador de <strong>Grani<\/strong> en la <strong>Selecci\u00f3n de<\/strong> <strong>Panam\u00e1,<\/strong> precis\u00f3 que el resultado \u201cmarca un antes y un despu\u00e9s en la historia del surf de Panam\u00e1 e incluso de Centroam\u00e9rica porque estamos llegando a un punto donde nadie de esa regi\u00f3n hab\u00eda estado antes\u201d.<\/p>\n\n\n\n<p class=\"wp-block-paragraph\">\u201cEste paso es una clara demostraci\u00f3n de que <strong>Panam\u00e1<\/strong> tiene un gran talento de sobra para destacar en las mejores y m\u00e1s exigentes vitrinas internacionales, pero lo que es a\u00fan mejor es que se trata de muchachos j\u00f3venes que todav\u00eda tienen bastantes a\u00f1os de carrera deportiva por delante. Adem\u00e1s, me parece que habr\u00e1 un efecto multiplicador porque m\u00e1s chicos y chicas se van a interesar en el surf local\u201d, resalt\u00f3 <strong>Naranjo.<\/strong><\/p>\n\n\n\n<p class=\"wp-block-paragraph\">La tecnolog\u00eda del <strong>Atlantic Park Surf,<\/strong> impulsada por <strong>Wavegarden,<\/strong> genera movimientos artificiales en una laguna de 100 mil pies cuadrados que produce m\u00e1s de 20 tipos de olas, que van desde uno hasta seis pies de altura. Su dise\u00f1o distintivo la hace ideal para competiciones de surf, colocando a los espectadores cerca de la acci\u00f3n.<\/p>\n\n\n\n<p class=\"wp-block-paragraph\">La <strong>WSL <\/strong>es el hogar global competitivo de esa disciplina que define Campeones del Mundo desde <strong>1976<\/strong> mostrando a los mejores exponentes de este deporte en el orbe.<\/p>\n","protected":false},"excerpt":{"rendered":"<p>Teo Grani sube al primer lugar del ranquin y; adem\u00e1s, se clasifica para el Mundial de noviembre en El Salvador. El paname\u00f1o nacido en Bocas del Toro, Teo Grani, entr\u00f3 en la historia del deporte como el primer centroamericano que gana una temporada en la categor\u00eda junior de Norteam\u00e9rica en la Serie de Calificaci\u00f3n de [&hellip;]<\/p>\n","protected":false},"author":1,"featured_media":3828,"comment_status":"open","ping_status":"open","sticky":false,"template":"","format":"standard","meta":{"footnotes":""},"categories":[6],"tags":[],"class_list":["post-3826","post","type-post","status-publish","format-standard","has-post-thumbnail","hentry","category-deportes"],"_links":{"self":[{"href":"https:\/\/entrecantones.com\/index.php\/wp-json\/wp\/v2\/posts\/3826","targetHints":{"allow":["GET"]}}],"collection":[{"href":"https:\/\/entrecantones.com\/index.php\/wp-json\/wp\/v2\/posts"}],"about":[{"href":"https:\/\/entrecantones.com\/index.php\/wp-json\/wp\/v2\/types\/post"}],"author":[{"embeddable":true,"href":"https:\/\/entrecantones.com\/index.php\/wp-json\/wp\/v2\/users\/1"}],"replies":[{"embeddable":true,"href":"https:\/\/entrecantones.com\/index.php\/wp-json\/wp\/v2\/comments?post=3826"}],"version-history":[{"count":1,"href":"https:\/\/entrecantones.com\/index.php\/wp-json\/wp\/v2\/posts\/3826\/revisions"}],"predecessor-version":[{"id":3829,"href":"https:\/\/entrecantones.com\/index.php\/wp-json\/wp\/v2\/posts\/3826\/revisions\/3829"}],"wp:featuredmedia":[{"embeddable":true,"href":"https:\/\/entrecantones.com\/index.php\/wp-json\/wp\/v2\/media\/3828"}],"wp:attachment":[{"href":"https:\/\/entrecantones.com\/index.php\/wp-json\/wp\/v2\/media?parent=3826"}],"wp:term":[{"taxonomy":"category","embeddable":true,"href":"https:\/\/entrecantones.com\/index.php\/wp-json\/wp\/v2\/categories?post=3826"},{"taxonomy":"post_tag","embeddable":true,"href":"https:\/\/entrecantones.com\/index.php\/wp-json\/wp\/v2\/tags?post=3826"}],"curies":[{"name":"wp","href":"https:\/\/api.w.org\/{rel}","templated":true}]}}