{"id":3836,"date":"2026-09-03T01:12:46","date_gmt":"2026-09-03T01:12:46","guid":{"rendered":"https:\/\/entrecantones.com\/?p=3836"},"modified":"2026-09-03T01:12:46","modified_gmt":"2026-09-03T01:12:46","slug":"promueven-campana-nacional-cuidemos-nuestra-finca-en-festejos-de-la-independencia","status":"publish","type":"post","link":"https:\/\/entrecantones.com\/index.php\/2026\/09\/03\/promueven-campana-nacional-cuidemos-nuestra-finca-en-festejos-de-la-independencia\/","title":{"rendered":"Promueven Campa\u00f1a Nacional \u00abCuidemos Nuestra Finca\u00bb en Festejos de la Independencia"},"content":{"rendered":"\n<p class=\"wp-block-paragraph\">La <strong>Fundaci\u00f3n The Clean Wave<\/strong> junto con la organizaci\u00f3n <strong>Cuidemos Nuestra Finca (CNF),<\/strong> promueven una campa\u00f1a de limpieza de calles y recolecci\u00f3n de desechos s\u00f3lidos en el marco de los desfiles del <strong>205 aniversario de la Independencia de Costa Rica el pr\u00f3ximo 15 de septiembre.<\/strong><\/p>\n\n\n\n<p class=\"wp-block-paragraph\">De acuerdo con la programaci\u00f3n oficial el evento se llevar\u00e1 a cabo en el transcurso de la ma\u00f1ana<strong> en el Paseo de los Turistas de Puntarenas, la Calle de la Amargura en San Pedro de Montes de Oca (San Jos\u00e9), Santa Ana Centro (San Jos\u00e9), Villarreal de Santa Cruz, Playa Pilas en Bejuco de Nandayure y Playa Cocles de Talamanca.<\/strong><\/p>\n\n\n\n<p class=\"wp-block-paragraph\"><strong>Rebeca Jim\u00e9nez Sandoval, directora de Yellow Mind Co. (estudio de dise\u00f1o gr\u00e1fico y marketing aliado) y l\u00edder voluntaria de CNF <\/strong>indic\u00f3 que esa agrupaci\u00f3nse fund\u00f3 en 2018; pero que gracias a la excelente respuesta de apoyo por parte de la comunidad se decidi\u00f3 expandir la visi\u00f3n para contribuir no solamente a la conservaci\u00f3n del ambiente de Costa Rica, sino tambi\u00e9n al fortalecimiento del compromiso social y la conservaci\u00f3n de la cultura de nuestro pa\u00eds.<\/p>\n\n\n\n<p class=\"wp-block-paragraph\">Por su parte, <strong>Andr\u00e9s Berm\u00fadez, Presidente de The Clean Wave<\/strong> -que tiene la sede en <strong>Playa Tamarindo de Santa Cruz, Guanacaste<\/strong>&#8211; precis\u00f3 que los desfiles del 15 de septiembre representan una \u201cgran oportunidad para difundir el mensaje en favor de la sostenibilidad especialmente entre las nuevas generaciones de costarricenses\u201d.<\/p>\n\n\n\n<p class=\"wp-block-paragraph\"><strong><u>Otros espacios<\/u><\/strong><\/p>\n\n\n\n<p class=\"wp-block-paragraph\">Posterior a la limpieza de calles el mismo <strong>15 de septiembre <\/strong>se program\u00f3 a la 1 p.m. un espacio de <strong>Networking con Prop\u00f3sito en el local de Ecomuna en San Pedro de Montes de Oca<\/strong> gratuito y abierto para todo el p\u00fablico. Para concluir con la campa\u00f1a ambiental, al d\u00eda siguiente (<strong>16 de septiembre<\/strong>) se realiza una limpieza submarina en <strong>Playa Hermosa y Playas del Coco, Guanacaste<\/strong>.<\/p>\n\n\n\n<p class=\"wp-block-paragraph\">Todas estas activaciones y expediciones se llevan a cabo gracias al apoyo del patrocinador oficial de la campa\u00f1a: <strong>Reserva Conchal<\/strong>, que durante dos a\u00f1os consecutivos ha sido parte de este esfuerzo.<\/p>\n\n\n\n<p class=\"wp-block-paragraph\">Los resultados de este esfuerzo ambiental se mostrar\u00e1n en un encuentro virtual el <strong>17 de septiembre a las 7:00pm <\/strong>a trav\u00e9s de <strong>Google Meet<\/strong> disponible en el link: https:\/\/meet.google.com\/swt-wnug-qot. Asimismo el <strong>18 de septiembre<\/strong> est\u00e1 programado el lanzamiento del Blog de Cultura Nacional por medio de sus redes sociales.<\/p>\n\n\n\n<p class=\"wp-block-paragraph\">Quienes est\u00e9n interesados en colaborar con este esfuerzo ambiental, social y cultural pueden hacerlo llamando al <strong>tel\u00e9fono 8345-3936,<\/strong> escribiendo al correo: <a href=\"mailto:cuidemosnuestrafinca@gmail.com\"><strong>cuidemosnuestrafinca@gmail.com<\/strong><\/a> o registr\u00e1ndose como voluntario en: <a href=\"http:\/\/www.cuidemosnuestrafinca.com\"><strong>www.cuidemosnuestrafinca.com<\/strong><\/a><strong><\/strong><\/p>\n\n\n\n<p class=\"wp-block-paragraph\"><\/p>\n","protected":false},"excerpt":{"rendered":"<p>La Fundaci\u00f3n The Clean Wave junto con la organizaci\u00f3n Cuidemos Nuestra Finca (CNF), promueven una campa\u00f1a de limpieza de calles y recolecci\u00f3n de desechos s\u00f3lidos en el marco de los desfiles del 205 aniversario de la Independencia de Costa Rica el pr\u00f3ximo 15 de septiembre. De acuerdo con la programaci\u00f3n oficial el evento se llevar\u00e1 [&hellip;]<\/p>\n","protected":false},"author":1,"featured_media":3837,"comment_status":"open","ping_status":"open","sticky":false,"template":"","format":"standard","meta":{"footnotes":""},"categories":[2],"tags":[],"class_list":["post-3836","post","type-post","status-publish","format-standard","has-post-thumbnail","hentry","category-actualidad"],"_links":{"self":[{"href":"https:\/\/entrecantones.com\/index.php\/wp-json\/wp\/v2\/posts\/3836","targetHints":{"allow":["GET"]}}],"collection":[{"href":"https:\/\/entrecantones.com\/index.php\/wp-json\/wp\/v2\/posts"}],"about":[{"href":"https:\/\/entrecantones.com\/index.php\/wp-json\/wp\/v2\/types\/post"}],"author":[{"embeddable":true,"href":"https:\/\/entrecantones.com\/index.php\/wp-json\/wp\/v2\/users\/1"}],"replies":[{"embeddable":true,"href":"https:\/\/entrecantones.com\/index.php\/wp-json\/wp\/v2\/comments?post=3836"}],"version-history":[{"count":1,"href":"https:\/\/entrecantones.com\/index.php\/wp-json\/wp\/v2\/posts\/3836\/revisions"}],"predecessor-version":[{"id":3838,"href":"https:\/\/entrecantones.com\/index.php\/wp-json\/wp\/v2\/posts\/3836\/revisions\/3838"}],"wp:featuredmedia":[{"embeddable":true,"href":"https:\/\/entrecantones.com\/index.php\/wp-json\/wp\/v2\/media\/3837"}],"wp:attachment":[{"href":"https:\/\/entrecantones.com\/index.php\/wp-json\/wp\/v2\/media?parent=3836"}],"wp:term":[{"taxonomy":"category","embeddable":true,"href":"https:\/\/entrecantones.com\/index.php\/wp-json\/wp\/v2\/categories?post=3836"},{"taxonomy":"post_tag","embeddable":true,"href":"https:\/\/entrecantones.com\/index.php\/wp-json\/wp\/v2\/tags?post=3836"}],"curies":[{"name":"wp","href":"https:\/\/api.w.org\/{rel}","templated":true}]}}