{"id":3846,"date":"2026-09-04T18:03:21","date_gmt":"2026-09-04T18:03:21","guid":{"rendered":"https:\/\/entrecantones.com\/?p=3846"},"modified":"2026-09-04T18:03:21","modified_gmt":"2026-09-04T18:03:21","slug":"lanzaran-youth-igf-panama-2026-y-panasig-para-fortalecer-la-participacion-de-los-jovenes-en-el-futuro-digital-del-pais","status":"publish","type":"post","link":"https:\/\/entrecantones.com\/index.php\/2026\/09\/04\/lanzaran-youth-igf-panama-2026-y-panasig-para-fortalecer-la-participacion-de-los-jovenes-en-el-futuro-digital-del-pais\/","title":{"rendered":"Lanzar\u00e1n Youth IGF Panam\u00e1 2026 y PANASIG para fortalecer la participaci\u00f3n de los j\u00f3venes en el futuro digital del pa\u00eds"},"content":{"rendered":"\n<p class=\"wp-block-paragraph\"><em>Ambas iniciativas ser\u00e1n presentadas el 7 de septiembre, de 6:00 p.m. a 8:00 p.m., en el Centro Cultural de Espa\u00f1a \u2013 Casa del Soldado, en el Casco Antiguo<\/em>.<\/p>\n\n\n\n<p class=\"wp-block-paragraph\">El pr\u00f3ximo 7 de septiembre, de 6:00 p.m. a 8:00 p.m., en el Centro Cultural de Espa\u00f1a \u2013 Casa del Soldado, en el Casco Antiguo, se llevar\u00e1 a cabo el lanzamiento oficial del Youth IGF Panam\u00e1 2026 y la presentaci\u00f3n de PANASIG \u2013 Escuela Paname\u00f1a de Gobernanza de Internet.<\/p>\n\n\n\n<p class=\"wp-block-paragraph\"><strong>La velada reunir\u00e1 dos iniciativas que comparten el prop\u00f3sito de fortalecer la participaci\u00f3n, la formaci\u00f3n y la incidencia en torno al futuro digital de Panam\u00e1.<\/strong><\/p>\n\n\n\n<p class=\"wp-block-paragraph\">El Youth IGF Panam\u00e1 forma parte del ecosistema de iniciativas juveniles vinculadas al Internet Governance Forum (IGF), el Foro de Gobernanza de Internet cuyo encuentro global es convocado por el Secretario General de las Naciones Unidas. Su mandato se origina en la Agenda de T\u00fanez de la Cumbre Mundial sobre la Sociedad de la Informaci\u00f3n y fue posteriormente prorrogado por la Asamblea General de las Naciones Unidas. Actualmente existen m\u00e1s de 60 iniciativas Youth IGF alrededor del mundo.<\/p>\n\n\n\n<p class=\"wp-block-paragraph\">En este mismo marco de fortalecimiento de la Gobernanza de Internet en el pa\u00eds, PANASIG \u2013 Escuela Paname\u00f1a de Gobernanza de Internet se suma al lanzamiento del 7 de septiembre como una iniciativa orientada a ampliar los espacios de formaci\u00f3n y participaci\u00f3n.<\/p>\n\n\n\n<p class=\"wp-block-paragraph\">En Panam\u00e1, el <strong>Youth IGF<\/strong> fue establecido en <strong>2024<\/strong> con el prop\u00f3sito de promover la participaci\u00f3n de j\u00f3venes en la Gobernanza de Internet a nivel nacional y facilitar un di\u00e1logo inclusivo y multisectorial sobre los temas que afectan al ecosistema digital.<\/p>\n\n\n\n<p class=\"wp-block-paragraph\">El programa da continuidad a las dos ediciones anteriores. Entre <strong>2024 y 2025, 30 j\u00f3venes fueron becados<\/strong>, con representaci\u00f3n de las <strong>10 provincias y cinco comarcas del pa\u00eds<\/strong>.<\/p>\n\n\n\n<p class=\"wp-block-paragraph\">Para 2026, la iniciativa evoluciona hacia una ruta que combina formaci\u00f3n especializada de <strong>Internet Society (ISOC)<\/strong>, participaci\u00f3n oficial en el Youth IGF Panam\u00e1 y la elaboraci\u00f3n de un <strong>policy brief y un art\u00edculo de opini\u00f3n sobre Gobernanza de Internet<\/strong>, buscando avanzar del di\u00e1logo hacia propuestas y acciones concretas.<\/p>\n\n\n\n<p class=\"wp-block-paragraph\">La realizaci\u00f3n del Youth IGF Panam\u00e1 2026 y las actividades vinculadas a su lanzamiento conjunto con PANASIG cuentan con el respaldo de patrocinadores y una amplia red de aliados provenientes de diferentes sectores, cuyo acompa\u00f1amiento permite fortalecer el programa de becarios, las actividades previas y la experiencia del foro.<\/p>\n\n\n\n<p class=\"wp-block-paragraph\">El lanzamiento conjunto del Youth IGF Panam\u00e1 2026 y PANASIG busca visibilizar dos iniciativas complementarias dentro del ecosistema nacional de Gobernanza de Internet. A su vez, el apoyo de patrocinadores, aliados y organizaciones colaboradoras permitir\u00e1 desarrollar una experiencia que va m\u00e1s all\u00e1 de un \u00fanico d\u00eda de conferencias e incluye formaci\u00f3n, oportunidades para j\u00f3venes, encuentros con especialistas, actividades interactivas y espacios de conexi\u00f3n con el ecosistema digital.<\/p>\n\n\n\n<p class=\"wp-block-paragraph\">Con su tercera edici\u00f3n, el <strong>Youth IGF Panam\u00e1<\/strong> busca continuar avanzando <strong>\u201cdel di\u00e1logo a la acci\u00f3n\u201d<\/strong>, fortaleciendo las capacidades de una nueva generaci\u00f3n para identificar desaf\u00edos digitales, formular propuestas y participar en las conversaciones que definir\u00e1n el desarrollo tecnol\u00f3gico del pa\u00eds.<\/p>\n\n\n\n<p class=\"wp-block-paragraph\">Entre los <strong>aliados que promueven el Youth IGF Panam\u00e1 <\/strong>se encuentran la <strong>Embajada de Espa\u00f1a en Panam\u00e1, la Agencia Espa\u00f1ola de Cooperaci\u00f3n Internacional para el Desarrollo (AECID), el Centro Cultural de Espa\u00f1a en Panam\u00e1 \u2013 Casa del Soldado, Intered, el Instituto T\u00e9cnico Superior Especializado (ITSE), LACNIC, SENACYT, Internet Society Foundation, Universidad Interamericana de Panam\u00e1 (UIP), ASPADE, OPACTIC, NUMU Group, Universidad Latina de Panam\u00e1, Estrella Azul, Kiener, Clubhouse, Cristalina, Women in Agile y<\/strong><strong> <\/strong><strong>El Centro de Arte y Cultura de Col\u00f3n (CACCO).<\/strong><\/p>\n\n\n\n<p class=\"wp-block-paragraph\">A ellos se suma el trabajo de las organizaciones representadas dentro del <strong>Comit\u00e9 Organizador<\/strong>, entre ellas <strong>Internet Society Cap\u00edtulo Panam\u00e1, IEEE Secci\u00f3n Panam\u00e1, IEEE Women in Engineering (WIE) Panam\u00e1, Universidad de Panam\u00e1, MIDES, Foro Juvenil Ng\u00e4be-Bugl\u00e9, NIC Panam\u00e1 y Kaizen<\/strong>, reflejando el car\u00e1cter multisectorial de la iniciativa.<\/p>\n","protected":false},"excerpt":{"rendered":"<p>Ambas iniciativas ser\u00e1n presentadas el 7 de septiembre, de 6:00 p.m. a 8:00 p.m., en el Centro Cultural de Espa\u00f1a \u2013 Casa del Soldado, en el Casco Antiguo. El pr\u00f3ximo 7 de septiembre, de 6:00 p.m. a 8:00 p.m., en el Centro Cultural de Espa\u00f1a \u2013 Casa del Soldado, en el Casco Antiguo, se llevar\u00e1 [&hellip;]<\/p>\n","protected":false},"author":1,"featured_media":3847,"comment_status":"open","ping_status":"open","sticky":false,"template":"","format":"standard","meta":{"footnotes":""},"categories":[5],"tags":[],"class_list":["post-3846","post","type-post","status-publish","format-standard","has-post-thumbnail","hentry","category-tecnologia"],"_links":{"self":[{"href":"https:\/\/entrecantones.com\/index.php\/wp-json\/wp\/v2\/posts\/3846","targetHints":{"allow":["GET"]}}],"collection":[{"href":"https:\/\/entrecantones.com\/index.php\/wp-json\/wp\/v2\/posts"}],"about":[{"href":"https:\/\/entrecantones.com\/index.php\/wp-json\/wp\/v2\/types\/post"}],"author":[{"embeddable":true,"href":"https:\/\/entrecantones.com\/index.php\/wp-json\/wp\/v2\/users\/1"}],"replies":[{"embeddable":true,"href":"https:\/\/entrecantones.com\/index.php\/wp-json\/wp\/v2\/comments?post=3846"}],"version-history":[{"count":1,"href":"https:\/\/entrecantones.com\/index.php\/wp-json\/wp\/v2\/posts\/3846\/revisions"}],"predecessor-version":[{"id":3848,"href":"https:\/\/entrecantones.com\/index.php\/wp-json\/wp\/v2\/posts\/3846\/revisions\/3848"}],"wp:featuredmedia":[{"embeddable":true,"href":"https:\/\/entrecantones.com\/index.php\/wp-json\/wp\/v2\/media\/3847"}],"wp:attachment":[{"href":"https:\/\/entrecantones.com\/index.php\/wp-json\/wp\/v2\/media?parent=3846"}],"wp:term":[{"taxonomy":"category","embeddable":true,"href":"https:\/\/entrecantones.com\/index.php\/wp-json\/wp\/v2\/categories?post=3846"},{"taxonomy":"post_tag","embeddable":true,"href":"https:\/\/entrecantones.com\/index.php\/wp-json\/wp\/v2\/tags?post=3846"}],"curies":[{"name":"wp","href":"https:\/\/api.w.org\/{rel}","templated":true}]}}