{"id":575,"date":"2025-01-17T14:51:24","date_gmt":"2025-01-17T14:51:24","guid":{"rendered":"https:\/\/entrecantones.com\/?p=575"},"modified":"2025-01-17T14:51:24","modified_gmt":"2025-01-17T14:51:24","slug":"190-ninos-participan-en-la-cuarta-edicion-del-veranito-feliz-programacion-divertida","status":"publish","type":"post","link":"https:\/\/entrecantones.com\/index.php\/2025\/01\/17\/190-ninos-participan-en-la-cuarta-edicion-del-veranito-feliz-programacion-divertida\/","title":{"rendered":"190 ni\u00f1os participan en la cuarta edici\u00f3n del Veranito Feliz \u201cProgramaci\u00f3n Divertida\u201d"},"content":{"rendered":"\n<p>La <strong>cuarta edici\u00f3n del Veranito Feliz<\/strong>, un proyecto tecnol\u00f3gico impulsado por la <strong>Facultad de Inform\u00e1tica Electr\u00f3nica y Comunicaci\u00f3n de la Universidad de Panam\u00e1 (UP) y el Cap\u00edtulo de Computaci\u00f3n del Instituto de Ingenieros El\u00e9ctricos y Electr\u00f3nicos-Secci\u00f3n Panam\u00e1,<\/strong> reuni\u00f3 a <strong>190 ni\u00f1os<\/strong> que aprender\u00e1n, mediante actividades l\u00fadicas, destrezas tecnol\u00f3gicas en el campo de las <strong>Tecnolog\u00edas de Informaci\u00f3n y Comunicaci\u00f3n (TIC\u00b4s).<\/strong><\/p>\n\n\n\n<p>La iniciativa, que se denomina <strong>Divirt\u00e1monos Programando<\/strong>, se lleva a cabo con el apoyo de mentores j\u00f3venes universitarios, quienes recibieron nueve semanas de capacitaci\u00f3n y preparaci\u00f3n para realizar su primer encuentro virtual de reducci\u00f3n de Brecha digital del a\u00f1o en <strong>Panam\u00e1.<\/strong><\/p>\n\n\n\n<p>Durante el acto inaugural adem\u00e1s de los ni\u00f1os, padres de familia y mentores universitarios, tambi\u00e9n acudieron autoridades como el <strong>Ing. Javier Fern\u00e1ndez, Decano de la Facultad de Inform\u00e1tica, Electr\u00f3nica y Comunicaci\u00f3n de la UP; Ing. Ernesto Ibarra, Presidente de IEEE-Panam\u00e1 2025-2026 y la Ing. Alexandra Montenegro, Presidenta 2023-2024 del Grupo de Afinidad Women in Engineering,<\/strong> entre otras personalidades.<\/p>\n\n\n\n<p>En esta cuarta versi\u00f3n <strong>190 ni\u00f1os<\/strong> de <strong>9 provincias<\/strong>, por un espacio de <strong>3 semanas y en cuatro niveles de dificultad,<\/strong> realizar\u00e1n actividades l\u00fadicas que les permitir\u00e1n desarrollar competencias tales como an\u00e1lisis y resoluci\u00f3n de problemas, programaci\u00f3n en bloques, dise\u00f1o de circuitos, dise\u00f1o 3D, metodolog\u00eda de investigaci\u00f3n, dise\u00f1o de mundos virtuales; adem\u00e1s del desarrollo competencias blandas tales como: liderazgo, toma de decisiones, creatividad, comunicaci\u00f3n efectiva, entre otras.<\/p>\n\n\n\n<p>Este taller de Veranito Feliz est\u00e1 desarrollado bajo la concepci\u00f3n de Diversidad e Inclusi\u00f3n en Computaci\u00f3n. &nbsp;Puede seguirse por Instagram: <strong>@logic4kidsclub<\/strong><\/p>\n","protected":false},"excerpt":{"rendered":"<p>La cuarta edici\u00f3n del Veranito Feliz, un proyecto tecnol\u00f3gico impulsado por la Facultad de Inform\u00e1tica Electr\u00f3nica y Comunicaci\u00f3n de la Universidad de Panam\u00e1 (UP) y el Cap\u00edtulo de Computaci\u00f3n del Instituto de Ingenieros El\u00e9ctricos y Electr\u00f3nicos-Secci\u00f3n Panam\u00e1, reuni\u00f3 a 190 ni\u00f1os que aprender\u00e1n, mediante actividades l\u00fadicas, destrezas tecnol\u00f3gicas en el campo de las Tecnolog\u00edas de [&hellip;]<\/p>\n","protected":false},"author":1,"featured_media":576,"comment_status":"open","ping_status":"open","sticky":false,"template":"","format":"standard","meta":{"footnotes":""},"categories":[5],"tags":[],"class_list":["post-575","post","type-post","status-publish","format-standard","has-post-thumbnail","hentry","category-tecnologia"],"_links":{"self":[{"href":"https:\/\/entrecantones.com\/index.php\/wp-json\/wp\/v2\/posts\/575","targetHints":{"allow":["GET"]}}],"collection":[{"href":"https:\/\/entrecantones.com\/index.php\/wp-json\/wp\/v2\/posts"}],"about":[{"href":"https:\/\/entrecantones.com\/index.php\/wp-json\/wp\/v2\/types\/post"}],"author":[{"embeddable":true,"href":"https:\/\/entrecantones.com\/index.php\/wp-json\/wp\/v2\/users\/1"}],"replies":[{"embeddable":true,"href":"https:\/\/entrecantones.com\/index.php\/wp-json\/wp\/v2\/comments?post=575"}],"version-history":[{"count":1,"href":"https:\/\/entrecantones.com\/index.php\/wp-json\/wp\/v2\/posts\/575\/revisions"}],"predecessor-version":[{"id":577,"href":"https:\/\/entrecantones.com\/index.php\/wp-json\/wp\/v2\/posts\/575\/revisions\/577"}],"wp:featuredmedia":[{"embeddable":true,"href":"https:\/\/entrecantones.com\/index.php\/wp-json\/wp\/v2\/media\/576"}],"wp:attachment":[{"href":"https:\/\/entrecantones.com\/index.php\/wp-json\/wp\/v2\/media?parent=575"}],"wp:term":[{"taxonomy":"category","embeddable":true,"href":"https:\/\/entrecantones.com\/index.php\/wp-json\/wp\/v2\/categories?post=575"},{"taxonomy":"post_tag","embeddable":true,"href":"https:\/\/entrecantones.com\/index.php\/wp-json\/wp\/v2\/tags?post=575"}],"curies":[{"name":"wp","href":"https:\/\/api.w.org\/{rel}","templated":true}]}}